{"id":17788,"date":"2020-02-05T12:57:16","date_gmt":"2020-02-05T11:57:16","guid":{"rendered":"https:\/\/www.expoflamenco.com\/archivo\/?p=17788"},"modified":"2020-02-05T12:57:16","modified_gmt":"2020-02-05T11:57:16","slug":"el-foro-flamenco-de-la-verguenza-en-canal-sur","status":"publish","type":"post","link":"https:\/\/expoflamenco.com\/archivo\/bordonazo\/el-foro-flamenco-de-la-verguenza-en-canal-sur\/","title":{"rendered":"El foro flamenco de la verg\u00fcenza"},"content":{"rendered":"<p><a href=\"http:\/\/www.canalsur.es\/portada-2808.html\" target=\"_blank\" rel=\"noopener noreferrer\">Canal Sur<\/a>\u00a0\u2013la radiotelevisi\u00f3n p\u00fablica de Andaluc\u00eda\u2013 no ha hecho jam\u00e1s un gran programa de flamenco, aunque parezca mentira, y estamos esperando, ahora que hay otro gobierno, que se haga. Que hagan algo en general por nuestro arte, que en un a\u00f1o no han hecho todav\u00eda nada. \u00a1Y hay tanto por hacer en el flamenco! Eso s\u00ed, se inventaron el <b>Foro Flamenco<\/b>, seg\u00fan ellos para promocionar a los j\u00f3venes valores. Llevan a j\u00f3venes promesas y a int\u00e9rpretes que ya no van a llegar a ninguna parte, pero sin cobrar nada. No les dan ni para la gasolina y a veces vienen desde Almer\u00eda o M\u00e1laga. Pero ah\u00ed no queda la cosa. Graban los programas y, tras su difusi\u00f3n radiof\u00f3nica, los pasan por televisi\u00f3n de 1,30 a 2 h de la madrugada, que es la mejor hora para que no los vean ni los gatos. Si al menos los pusieran a una buena hora podr\u00edan ser una inmejorable promoci\u00f3n para esos j\u00f3venes que se lo pagan todo para poder salir en la tele del sur.<span class=\"Apple-converted-space\">\u00a0<\/span><\/p>\n<p>&nbsp;<\/p>\n<blockquote><p><em>\u00abMe recibi\u00f3 la directora y cuando le expliqu\u00e9 mi idea del programa que quer\u00eda hacer, me dijo: \u201cEso no da audiencia, Manuel. Aqu\u00ed queremos flamenquito: Rosariyo, la Ni\u00f1a Pastori, Ketama\u2026\u00bb<\/em><\/p><\/blockquote>\n<p>&nbsp;<\/p>\n<p>Es el foro flamenco de la verg\u00fcenza en una empresa p\u00fablica que tanto dinero despilfarra. Habr\u00eda que escribir alg\u00fan d\u00eda sobre el dinero que se iba en aquellos lamentables programas presentados por <strong>Lalo Guerrero<\/strong> o <strong>Jos\u00e9 Luis Montoya<\/strong>. Hay una an\u00e9cdota muy graciosa y significativa sobre este asunto. Llamaron un d\u00eda a <strong>Farruco<\/strong> para grabar uno de aquellos programas en los que ten\u00eda que ver el c\u00e9lebre agente art\u00edstico <strong>Jes\u00fas Antonio Pulp\u00f3n<\/strong>. Mientras le tocaba entrar en plat\u00f3 y viendo que le pon\u00edan tan bien de comer, le dijo a <strong>Manuel Curao<\/strong>: \u201cManuel, me han recogido en coche, me estoy poniendo ciego de comer, me van a dar 200.000 pesetas y luego el mismo ch\u00f3fer me va a llevar a casa. \u00bfD\u00f3nde est\u00e1 el enga\u00f1o?\u201d.<span class=\"Apple-converted-space\">\u00a0<\/span><\/p>\n<p>Lo bueno de esta historia es que cuando buscaban al genio para grabarle la actuaci\u00f3n descubrieron que se hab\u00eda ido a su casa, seguramente avergonzado. Esto es Canal Sur, <i>La Nuestra<\/i>. Alguna vez he contado que un d\u00eda me llamaron para ver la posibilidad de que hicieran un programa de flamenco en Canal Sur Radio. Me recibi\u00f3 la directora en su despacho y cuando le expliqu\u00e9 mi idea del programa que quer\u00eda hacer, me dijo: \u201cEso no da audiencia, Manuel. Aqu\u00ed queremos flamenquito: <strong>Rosariyo, la Ni\u00f1a Pastori, Ketama<\/strong>\u2026\u201d. Me levant\u00e9 y me fui sin dar las buenas tardes, y hasta hoy. Nunca m\u00e1s me han llamado para nada, salvo alg\u00fan compa\u00f1ero para alguna entrevista, como, por ejemplo, el gran periodista <strong>Manuel Molina<\/strong>.<\/p>\n<h6 style=\"text-align: right;\">Imagen superior: CSRTV &#8211; Andr\u00e9s Torreadrado Boal (Flickr)<\/h6>\n<p>&nbsp;<\/p>\n","protected":false},"excerpt":{"rendered":"<p>Se inventaron un programa para promocionar a los nuevos valores. Llevan a j\u00f3venes promesas sin cobrar nada. No les dan ni para la gasolina y a veces vienen desde Almer\u00eda o M\u00e1laga. Y luego pasan los programas por tv de 1,30 a 2 h de la madrugada, que es la mejor hora para que no los vean ni los gatos.<\/p>\n","protected":false},"author":6,"featured_media":17789,"comment_status":"open","ping_status":"open","sticky":false,"template":"","format":"standard","meta":{"ngg_post_thumbnail":0,"footnotes":""},"categories":[122],"tags":[],"class_list":["post-17788","post","type-post","status-publish","format-standard","has-post-thumbnail","hentry","category-bordonazo"],"yoast_head":"<!-- This site is optimized with the Yoast SEO plugin v27.4 - https:\/\/yoast.com\/product\/yoast-seo-wordpress\/ -->\n<title>El foro flamenco de la verg\u00fcenza - Archivo Expoflamenco<\/title>\n<meta name=\"robots\" content=\"index, follow, max-snippet:-1, max-image-preview:large, max-video-preview:-1\" \/>\n<link rel=\"canonical\" href=\"https:\/\/expoflamenco.com\/archivo\/bordonazo\/el-foro-flamenco-de-la-verguenza-en-canal-sur\/\" \/>\n<meta property=\"og:locale\" content=\"es_ES\" \/>\n<meta property=\"og:type\" content=\"article\" \/>\n<meta property=\"og:title\" content=\"El foro flamenco de la verg\u00fcenza - Archivo Expoflamenco\" \/>\n<meta property=\"og:description\" content=\"Se inventaron un programa para promocionar a los nuevos valores. Llevan a j\u00f3venes promesas sin cobrar nada. No les dan ni para la gasolina y a veces vienen desde Almer\u00eda o M\u00e1laga. Y luego pasan los programas por tv de 1,30 a 2 h de la madrugada, que es la mejor hora para que no los vean ni los gatos.\" \/>\n<meta property=\"og:url\" content=\"https:\/\/expoflamenco.com\/archivo\/bordonazo\/el-foro-flamenco-de-la-verguenza-en-canal-sur\/\" \/>\n<meta property=\"og:site_name\" content=\"Archivo Expoflamenco\" \/>\n<meta property=\"article:publisher\" content=\"https:\/\/www.facebook.com\/ExpoFlamenco\" \/>\n<meta property=\"article:published_time\" content=\"2020-02-05T11:57:16+00:00\" \/>\n<meta property=\"og:image\" content=\"https:\/\/expoflamenco.com\/archivo\/wp-content\/uploads\/2020\/02\/expoflamenco-foro-flamenco-canal-sur-foto-CSRTV-andres-torreadrado-boal.jpg\" \/>\n\t<meta property=\"og:image:width\" content=\"1300\" \/>\n\t<meta property=\"og:image:height\" content=\"800\" \/>\n\t<meta property=\"og:image:type\" content=\"image\/jpeg\" \/>\n<meta name=\"author\" content=\"Manuel Boh\u00f3rquez\" \/>\n<meta name=\"twitter:card\" content=\"summary_large_image\" \/>\n<meta name=\"twitter:creator\" content=\"@expoflamenco1\" \/>\n<meta name=\"twitter:site\" content=\"@expoflamenco1\" \/>\n<meta name=\"twitter:label1\" content=\"Escrito por\" \/>\n\t<meta name=\"twitter:data1\" content=\"Manuel Boh\u00f3rquez\" \/>\n\t<meta name=\"twitter:label2\" content=\"Tiempo de lectura\" \/>\n\t<meta name=\"twitter:data2\" content=\"3 minutos\" \/>\n<script type=\"application\/ld+json\" class=\"yoast-schema-graph\">{\"@context\":\"https:\\\/\\\/schema.org\",\"@graph\":[{\"@type\":\"Article\",\"@id\":\"https:\\\/\\\/expoflamenco.com\\\/archivo\\\/bordonazo\\\/el-foro-flamenco-de-la-verguenza-en-canal-sur\\\/#article\",\"isPartOf\":{\"@id\":\"https:\\\/\\\/expoflamenco.com\\\/archivo\\\/bordonazo\\\/el-foro-flamenco-de-la-verguenza-en-canal-sur\\\/\"},\"author\":{\"name\":\"Manuel Boh\u00f3rquez\",\"@id\":\"https:\\\/\\\/expoflamenco.com\\\/archivo\\\/#\\\/schema\\\/person\\\/608d65b2c159f7b5b632f1365c15030f\"},\"headline\":\"El foro flamenco de la verg\u00fcenza\",\"datePublished\":\"2020-02-05T11:57:16+00:00\",\"mainEntityOfPage\":{\"@id\":\"https:\\\/\\\/expoflamenco.com\\\/archivo\\\/bordonazo\\\/el-foro-flamenco-de-la-verguenza-en-canal-sur\\\/\"},\"wordCount\":511,\"commentCount\":0,\"publisher\":{\"@id\":\"https:\\\/\\\/expoflamenco.com\\\/archivo\\\/#organization\"},\"image\":{\"@id\":\"https:\\\/\\\/expoflamenco.com\\\/archivo\\\/bordonazo\\\/el-foro-flamenco-de-la-verguenza-en-canal-sur\\\/#primaryimage\"},\"thumbnailUrl\":\"https:\\\/\\\/expoflamenco.com\\\/archivo\\\/wp-content\\\/uploads\\\/2020\\\/02\\\/expoflamenco-foro-flamenco-canal-sur-foto-CSRTV-andres-torreadrado-boal.jpg\",\"articleSection\":[\"Bordonazo NEW\"],\"inLanguage\":\"es\",\"potentialAction\":[{\"@type\":\"CommentAction\",\"name\":\"Comment\",\"target\":[\"https:\\\/\\\/expoflamenco.com\\\/archivo\\\/bordonazo\\\/el-foro-flamenco-de-la-verguenza-en-canal-sur\\\/#respond\"]}]},{\"@type\":\"WebPage\",\"@id\":\"https:\\\/\\\/expoflamenco.com\\\/archivo\\\/bordonazo\\\/el-foro-flamenco-de-la-verguenza-en-canal-sur\\\/\",\"url\":\"https:\\\/\\\/expoflamenco.com\\\/archivo\\\/bordonazo\\\/el-foro-flamenco-de-la-verguenza-en-canal-sur\\\/\",\"name\":\"El foro flamenco de la verg\u00fcenza - Archivo Expoflamenco\",\"isPartOf\":{\"@id\":\"https:\\\/\\\/expoflamenco.com\\\/archivo\\\/#website\"},\"primaryImageOfPage\":{\"@id\":\"https:\\\/\\\/expoflamenco.com\\\/archivo\\\/bordonazo\\\/el-foro-flamenco-de-la-verguenza-en-canal-sur\\\/#primaryimage\"},\"image\":{\"@id\":\"https:\\\/\\\/expoflamenco.com\\\/archivo\\\/bordonazo\\\/el-foro-flamenco-de-la-verguenza-en-canal-sur\\\/#primaryimage\"},\"thumbnailUrl\":\"https:\\\/\\\/expoflamenco.com\\\/archivo\\\/wp-content\\\/uploads\\\/2020\\\/02\\\/expoflamenco-foro-flamenco-canal-sur-foto-CSRTV-andres-torreadrado-boal.jpg\",\"datePublished\":\"2020-02-05T11:57:16+00:00\",\"breadcrumb\":{\"@id\":\"https:\\\/\\\/expoflamenco.com\\\/archivo\\\/bordonazo\\\/el-foro-flamenco-de-la-verguenza-en-canal-sur\\\/#breadcrumb\"},\"inLanguage\":\"es\",\"potentialAction\":[{\"@type\":\"ReadAction\",\"target\":[\"https:\\\/\\\/expoflamenco.com\\\/archivo\\\/bordonazo\\\/el-foro-flamenco-de-la-verguenza-en-canal-sur\\\/\"]}]},{\"@type\":\"ImageObject\",\"inLanguage\":\"es\",\"@id\":\"https:\\\/\\\/expoflamenco.com\\\/archivo\\\/bordonazo\\\/el-foro-flamenco-de-la-verguenza-en-canal-sur\\\/#primaryimage\",\"url\":\"https:\\\/\\\/expoflamenco.com\\\/archivo\\\/wp-content\\\/uploads\\\/2020\\\/02\\\/expoflamenco-foro-flamenco-canal-sur-foto-CSRTV-andres-torreadrado-boal.jpg\",\"contentUrl\":\"https:\\\/\\\/expoflamenco.com\\\/archivo\\\/wp-content\\\/uploads\\\/2020\\\/02\\\/expoflamenco-foro-flamenco-canal-sur-foto-CSRTV-andres-torreadrado-boal.jpg\",\"width\":1300,\"height\":800},{\"@type\":\"BreadcrumbList\",\"@id\":\"https:\\\/\\\/expoflamenco.com\\\/archivo\\\/bordonazo\\\/el-foro-flamenco-de-la-verguenza-en-canal-sur\\\/#breadcrumb\",\"itemListElement\":[{\"@type\":\"ListItem\",\"position\":1,\"name\":\"Inicio\",\"item\":\"https:\\\/\\\/expoflamenco.com\\\/archivo\\\/\"},{\"@type\":\"ListItem\",\"position\":2,\"name\":\"El foro flamenco de la verg\u00fcenza\"}]},{\"@type\":\"WebSite\",\"@id\":\"https:\\\/\\\/expoflamenco.com\\\/archivo\\\/#website\",\"url\":\"https:\\\/\\\/expoflamenco.com\\\/archivo\\\/\",\"name\":\"Archivo Expoflamenco\",\"description\":\"Portal de arte flamenco: noticias, entrevistas, blogs, cr\u00edticas, investigaci\u00f3n\",\"publisher\":{\"@id\":\"https:\\\/\\\/expoflamenco.com\\\/archivo\\\/#organization\"},\"potentialAction\":[{\"@type\":\"SearchAction\",\"target\":{\"@type\":\"EntryPoint\",\"urlTemplate\":\"https:\\\/\\\/expoflamenco.com\\\/archivo\\\/?s={search_term_string}\"},\"query-input\":{\"@type\":\"PropertyValueSpecification\",\"valueRequired\":true,\"valueName\":\"search_term_string\"}}],\"inLanguage\":\"es\"},{\"@type\":\"Organization\",\"@id\":\"https:\\\/\\\/expoflamenco.com\\\/archivo\\\/#organization\",\"name\":\"Expoflamenco\",\"url\":\"https:\\\/\\\/expoflamenco.com\\\/archivo\\\/\",\"logo\":{\"@type\":\"ImageObject\",\"inLanguage\":\"es\",\"@id\":\"https:\\\/\\\/expoflamenco.com\\\/archivo\\\/#\\\/schema\\\/logo\\\/image\\\/\",\"url\":\"https:\\\/\\\/www.expoflamenco.com\\\/archivo\\\/wp-content\\\/uploads\\\/2022\\\/11\\\/banner-cabecera-mobile.jpg\",\"contentUrl\":\"https:\\\/\\\/www.expoflamenco.com\\\/archivo\\\/wp-content\\\/uploads\\\/2022\\\/11\\\/banner-cabecera-mobile.jpg\",\"width\":299,\"height\":75,\"caption\":\"Expoflamenco\"},\"image\":{\"@id\":\"https:\\\/\\\/expoflamenco.com\\\/archivo\\\/#\\\/schema\\\/logo\\\/image\\\/\"},\"sameAs\":[\"https:\\\/\\\/www.facebook.com\\\/ExpoFlamenco\",\"https:\\\/\\\/x.com\\\/expoflamenco1\",\"https:\\\/\\\/www.instagram.com\\\/expoflamenco\\\/\",\"https:\\\/\\\/www.youtube.com\\\/expoflamenco\"]},{\"@type\":\"Person\",\"@id\":\"https:\\\/\\\/expoflamenco.com\\\/archivo\\\/#\\\/schema\\\/person\\\/608d65b2c159f7b5b632f1365c15030f\",\"name\":\"Manuel Boh\u00f3rquez\",\"image\":{\"@type\":\"ImageObject\",\"inLanguage\":\"es\",\"@id\":\"https:\\\/\\\/secure.gravatar.com\\\/avatar\\\/e4c8fcbcd4cb54196f6756c157a4aba7f9698d5a2261e73a15b5bf66f4495366?s=96&r=g\",\"url\":\"https:\\\/\\\/secure.gravatar.com\\\/avatar\\\/e4c8fcbcd4cb54196f6756c157a4aba7f9698d5a2261e73a15b5bf66f4495366?s=96&r=g\",\"contentUrl\":\"https:\\\/\\\/secure.gravatar.com\\\/avatar\\\/e4c8fcbcd4cb54196f6756c157a4aba7f9698d5a2261e73a15b5bf66f4495366?s=96&r=g\",\"caption\":\"Manuel Boh\u00f3rquez\"},\"description\":\"Arahal, Sevilla, 1958. Cr\u00edtico de flamenco, periodista y escritor. 40 a\u00f1os de investigaci\u00f3n flamenca en El Correo de Andaluc\u00eda. Autor de biograf\u00edas de la Ni\u00f1a de los Peines, Carbonerillo, Manuel Escacena, Tom\u00e1s Pav\u00f3n, Fernando el de Triana, Manuel Gerena, Canario de \u00c1lora...\",\"sameAs\":[\"http:\\\/\\\/www.manuelbohorquez.com\"],\"url\":\"https:\\\/\\\/expoflamenco.com\\\/archivo\\\/author\\\/manuelbohorquez\\\/\"}]}<\/script>\n<!-- \/ Yoast SEO plugin. -->","yoast_head_json":{"title":"El foro flamenco de la verg\u00fcenza - Archivo Expoflamenco","robots":{"index":"index","follow":"follow","max-snippet":"max-snippet:-1","max-image-preview":"max-image-preview:large","max-video-preview":"max-video-preview:-1"},"canonical":"https:\/\/expoflamenco.com\/archivo\/bordonazo\/el-foro-flamenco-de-la-verguenza-en-canal-sur\/","og_locale":"es_ES","og_type":"article","og_title":"El foro flamenco de la verg\u00fcenza - Archivo Expoflamenco","og_description":"Se inventaron un programa para promocionar a los nuevos valores. Llevan a j\u00f3venes promesas sin cobrar nada. No les dan ni para la gasolina y a veces vienen desde Almer\u00eda o M\u00e1laga. Y luego pasan los programas por tv de 1,30 a 2 h de la madrugada, que es la mejor hora para que no los vean ni los gatos.","og_url":"https:\/\/expoflamenco.com\/archivo\/bordonazo\/el-foro-flamenco-de-la-verguenza-en-canal-sur\/","og_site_name":"Archivo Expoflamenco","article_publisher":"https:\/\/www.facebook.com\/ExpoFlamenco","article_published_time":"2020-02-05T11:57:16+00:00","og_image":[{"width":1300,"height":800,"url":"https:\/\/expoflamenco.com\/archivo\/wp-content\/uploads\/2020\/02\/expoflamenco-foro-flamenco-canal-sur-foto-CSRTV-andres-torreadrado-boal.jpg","type":"image\/jpeg"}],"author":"Manuel Boh\u00f3rquez","twitter_card":"summary_large_image","twitter_creator":"@expoflamenco1","twitter_site":"@expoflamenco1","twitter_misc":{"Escrito por":"Manuel Boh\u00f3rquez","Tiempo de lectura":"3 minutos"},"schema":{"@context":"https:\/\/schema.org","@graph":[{"@type":"Article","@id":"https:\/\/expoflamenco.com\/archivo\/bordonazo\/el-foro-flamenco-de-la-verguenza-en-canal-sur\/#article","isPartOf":{"@id":"https:\/\/expoflamenco.com\/archivo\/bordonazo\/el-foro-flamenco-de-la-verguenza-en-canal-sur\/"},"author":{"name":"Manuel Boh\u00f3rquez","@id":"https:\/\/expoflamenco.com\/archivo\/#\/schema\/person\/608d65b2c159f7b5b632f1365c15030f"},"headline":"El foro flamenco de la verg\u00fcenza","datePublished":"2020-02-05T11:57:16+00:00","mainEntityOfPage":{"@id":"https:\/\/expoflamenco.com\/archivo\/bordonazo\/el-foro-flamenco-de-la-verguenza-en-canal-sur\/"},"wordCount":511,"commentCount":0,"publisher":{"@id":"https:\/\/expoflamenco.com\/archivo\/#organization"},"image":{"@id":"https:\/\/expoflamenco.com\/archivo\/bordonazo\/el-foro-flamenco-de-la-verguenza-en-canal-sur\/#primaryimage"},"thumbnailUrl":"https:\/\/expoflamenco.com\/archivo\/wp-content\/uploads\/2020\/02\/expoflamenco-foro-flamenco-canal-sur-foto-CSRTV-andres-torreadrado-boal.jpg","articleSection":["Bordonazo NEW"],"inLanguage":"es","potentialAction":[{"@type":"CommentAction","name":"Comment","target":["https:\/\/expoflamenco.com\/archivo\/bordonazo\/el-foro-flamenco-de-la-verguenza-en-canal-sur\/#respond"]}]},{"@type":"WebPage","@id":"https:\/\/expoflamenco.com\/archivo\/bordonazo\/el-foro-flamenco-de-la-verguenza-en-canal-sur\/","url":"https:\/\/expoflamenco.com\/archivo\/bordonazo\/el-foro-flamenco-de-la-verguenza-en-canal-sur\/","name":"El foro flamenco de la verg\u00fcenza - Archivo Expoflamenco","isPartOf":{"@id":"https:\/\/expoflamenco.com\/archivo\/#website"},"primaryImageOfPage":{"@id":"https:\/\/expoflamenco.com\/archivo\/bordonazo\/el-foro-flamenco-de-la-verguenza-en-canal-sur\/#primaryimage"},"image":{"@id":"https:\/\/expoflamenco.com\/archivo\/bordonazo\/el-foro-flamenco-de-la-verguenza-en-canal-sur\/#primaryimage"},"thumbnailUrl":"https:\/\/expoflamenco.com\/archivo\/wp-content\/uploads\/2020\/02\/expoflamenco-foro-flamenco-canal-sur-foto-CSRTV-andres-torreadrado-boal.jpg","datePublished":"2020-02-05T11:57:16+00:00","breadcrumb":{"@id":"https:\/\/expoflamenco.com\/archivo\/bordonazo\/el-foro-flamenco-de-la-verguenza-en-canal-sur\/#breadcrumb"},"inLanguage":"es","potentialAction":[{"@type":"ReadAction","target":["https:\/\/expoflamenco.com\/archivo\/bordonazo\/el-foro-flamenco-de-la-verguenza-en-canal-sur\/"]}]},{"@type":"ImageObject","inLanguage":"es","@id":"https:\/\/expoflamenco.com\/archivo\/bordonazo\/el-foro-flamenco-de-la-verguenza-en-canal-sur\/#primaryimage","url":"https:\/\/expoflamenco.com\/archivo\/wp-content\/uploads\/2020\/02\/expoflamenco-foro-flamenco-canal-sur-foto-CSRTV-andres-torreadrado-boal.jpg","contentUrl":"https:\/\/expoflamenco.com\/archivo\/wp-content\/uploads\/2020\/02\/expoflamenco-foro-flamenco-canal-sur-foto-CSRTV-andres-torreadrado-boal.jpg","width":1300,"height":800},{"@type":"BreadcrumbList","@id":"https:\/\/expoflamenco.com\/archivo\/bordonazo\/el-foro-flamenco-de-la-verguenza-en-canal-sur\/#breadcrumb","itemListElement":[{"@type":"ListItem","position":1,"name":"Inicio","item":"https:\/\/expoflamenco.com\/archivo\/"},{"@type":"ListItem","position":2,"name":"El foro flamenco de la verg\u00fcenza"}]},{"@type":"WebSite","@id":"https:\/\/expoflamenco.com\/archivo\/#website","url":"https:\/\/expoflamenco.com\/archivo\/","name":"Archivo Expoflamenco","description":"Portal de arte flamenco: noticias, entrevistas, blogs, cr\u00edticas, investigaci\u00f3n","publisher":{"@id":"https:\/\/expoflamenco.com\/archivo\/#organization"},"potentialAction":[{"@type":"SearchAction","target":{"@type":"EntryPoint","urlTemplate":"https:\/\/expoflamenco.com\/archivo\/?s={search_term_string}"},"query-input":{"@type":"PropertyValueSpecification","valueRequired":true,"valueName":"search_term_string"}}],"inLanguage":"es"},{"@type":"Organization","@id":"https:\/\/expoflamenco.com\/archivo\/#organization","name":"Expoflamenco","url":"https:\/\/expoflamenco.com\/archivo\/","logo":{"@type":"ImageObject","inLanguage":"es","@id":"https:\/\/expoflamenco.com\/archivo\/#\/schema\/logo\/image\/","url":"https:\/\/www.expoflamenco.com\/archivo\/wp-content\/uploads\/2022\/11\/banner-cabecera-mobile.jpg","contentUrl":"https:\/\/www.expoflamenco.com\/archivo\/wp-content\/uploads\/2022\/11\/banner-cabecera-mobile.jpg","width":299,"height":75,"caption":"Expoflamenco"},"image":{"@id":"https:\/\/expoflamenco.com\/archivo\/#\/schema\/logo\/image\/"},"sameAs":["https:\/\/www.facebook.com\/ExpoFlamenco","https:\/\/x.com\/expoflamenco1","https:\/\/www.instagram.com\/expoflamenco\/","https:\/\/www.youtube.com\/expoflamenco"]},{"@type":"Person","@id":"https:\/\/expoflamenco.com\/archivo\/#\/schema\/person\/608d65b2c159f7b5b632f1365c15030f","name":"Manuel Boh\u00f3rquez","image":{"@type":"ImageObject","inLanguage":"es","@id":"https:\/\/secure.gravatar.com\/avatar\/e4c8fcbcd4cb54196f6756c157a4aba7f9698d5a2261e73a15b5bf66f4495366?s=96&r=g","url":"https:\/\/secure.gravatar.com\/avatar\/e4c8fcbcd4cb54196f6756c157a4aba7f9698d5a2261e73a15b5bf66f4495366?s=96&r=g","contentUrl":"https:\/\/secure.gravatar.com\/avatar\/e4c8fcbcd4cb54196f6756c157a4aba7f9698d5a2261e73a15b5bf66f4495366?s=96&r=g","caption":"Manuel Boh\u00f3rquez"},"description":"Arahal, Sevilla, 1958. Cr\u00edtico de flamenco, periodista y escritor. 40 a\u00f1os de investigaci\u00f3n flamenca en El Correo de Andaluc\u00eda. Autor de biograf\u00edas de la Ni\u00f1a de los Peines, Carbonerillo, Manuel Escacena, Tom\u00e1s Pav\u00f3n, Fernando el de Triana, Manuel Gerena, Canario de \u00c1lora...","sameAs":["http:\/\/www.manuelbohorquez.com"],"url":"https:\/\/expoflamenco.com\/archivo\/author\/manuelbohorquez\/"}]}},"_links":{"self":[{"href":"https:\/\/expoflamenco.com\/archivo\/wp-json\/wp\/v2\/posts\/17788","targetHints":{"allow":["GET"]}}],"collection":[{"href":"https:\/\/expoflamenco.com\/archivo\/wp-json\/wp\/v2\/posts"}],"about":[{"href":"https:\/\/expoflamenco.com\/archivo\/wp-json\/wp\/v2\/types\/post"}],"author":[{"embeddable":true,"href":"https:\/\/expoflamenco.com\/archivo\/wp-json\/wp\/v2\/users\/6"}],"replies":[{"embeddable":true,"href":"https:\/\/expoflamenco.com\/archivo\/wp-json\/wp\/v2\/comments?post=17788"}],"version-history":[{"count":1,"href":"https:\/\/expoflamenco.com\/archivo\/wp-json\/wp\/v2\/posts\/17788\/revisions"}],"predecessor-version":[{"id":17791,"href":"https:\/\/expoflamenco.com\/archivo\/wp-json\/wp\/v2\/posts\/17788\/revisions\/17791"}],"wp:featuredmedia":[{"embeddable":true,"href":"https:\/\/expoflamenco.com\/archivo\/wp-json\/wp\/v2\/media\/17789"}],"wp:attachment":[{"href":"https:\/\/expoflamenco.com\/archivo\/wp-json\/wp\/v2\/media?parent=17788"}],"wp:term":[{"taxonomy":"category","embeddable":true,"href":"https:\/\/expoflamenco.com\/archivo\/wp-json\/wp\/v2\/categories?post=17788"},{"taxonomy":"post_tag","embeddable":true,"href":"https:\/\/expoflamenco.com\/archivo\/wp-json\/wp\/v2\/tags?post=17788"}],"curies":[{"name":"wp","href":"https:\/\/api.w.org\/{rel}","templated":true}]}}