{"id":17724,"date":"2020-02-01T13:49:18","date_gmt":"2020-02-01T12:49:18","guid":{"rendered":"https:\/\/www.expoflamenco.com\/archivo\/?p=17724"},"modified":"2020-02-01T13:49:18","modified_gmt":"2020-02-01T12:49:18","slug":"la-saga-de-los-pucherete-cien-anos-de-flamenco","status":"publish","type":"post","link":"https:\/\/expoflamenco.com\/archivo\/actualidad\/la-saga-de-los-pucherete-cien-anos-de-flamenco\/","title":{"rendered":"La saga de los Pucherete: cien a\u00f1os de flamenco"},"content":{"rendered":"<p><strong>Victor Pastor P\u00e9rez,\u00a0<\/strong>nieto por v\u00eda materna de Antonio Pucherete, y <strong>Jos\u00e9 Ram\u00f3n Checa Medina<\/strong> est\u00e1n elaborando la biograf\u00eda de la dinast\u00eda flamenca de los Pucherete.<\/p>\n<p>En la primera parte del libro se elaborar\u00e1 una biograf\u00eda de los componentes flamencos que hubo y hay en la familia. Aunque los m\u00e1s importantes fueron <strong>Carlos P\u00e9rez Mendoza<\/strong> y su hijo <strong>Antonio P\u00e9rez Piernas<\/strong>, esta familia ha tenido un nutrido grupo de personas que se han dedicado a la m\u00fasica o que han llegado a ser flamencos de cierto prestigio dentro del mundo profesional. Desde Carlos P\u00e9rez (natural de Linares), el m\u00e1s antiguo y fundador de la saga flamenca, pasando por Antonio P\u00e9rez y su hermano <strong>Fernando<\/strong> (guitrrista tambi\u00e9n). Otro de los hermanos de Antonio, llamado Carlos y tambi\u00e9n mantenedor de la guitarra en la casa de los Pucherete, as\u00ed como Victor Pastor \u2013coautor de este libro\u2013 y el primo de este \u00faltimo como guitarrista tambi\u00e9n. Adem\u00e1s apareceran otros personajes de la familia dedicados al baile, aunque de manera no profesional, como la hermana de Victor Pastor \u2013bailaora que no se dedica al arte desde que tuvo a sus hijos\u2013 o su hermano (percusionista), que siempre fue un aficionado al arte y m\u00fasica de lo jondo. En \u00faltima instancia se har\u00e1 menci\u00f3n a <strong>Sonia Cort\u00e9s<\/strong> (cantaora), hija de <strong>Pepe Pucherete<\/strong> y <strong>Amparo Cort\u00e9s<\/strong>, bailaora e hija del guitarrista <strong>Remolino<\/strong>. Por \u00faltimo, y como aficionada tambi\u00e9n al baile, veremos a algunos sobrinas y algunos sobrinos del coautor Victor P\u00e9rez, que se dedican al baile, por lo que podremos ver la continuidad del flamenco en la familia Pucherete.<\/p>\n<p>En la segunda parte del libro y con menci\u00f3n al t\u00edtulo \u2013se expresa la fecha de nacimiento de Antonio all\u00e1 por 1919\u2013 veremos c\u00f3mo eran los lugares, artistas con los que comenz\u00f3 a trabajar y situaciones del flamenco en aquella \u00e9poca, sobre todo a trav\u00e9s de los cinco diarios que dej\u00f3 escritos, donde el autor recogi\u00f3 una gran cantidad de archivos en los que se pueden explicar todos los lugares flamencos que exist\u00edan en Linares, desde caf\u00e9s hasta tabernas o casas de alterne. Con la llegada de la Guerra Civil, Antonio dej\u00f3 clara su vinculaci\u00f3n con la Rep\u00fablica luchando en contra del bando nacional franquista, lo que le acarre\u00f3 numerosos problemas desp\u00faes del conflicto. Asimismo, podemos encontrar las cartas que manten\u00eda en su poder del periodo que estuvo encarcelado, y posteriormente a trav\u00e9s de los documentos, las vicisitudes que le ocurrieron cuando fue destinado al campo de concentraci\u00f3n en las minas de Almad\u00e9n.<\/p>\n<p>Con la salida de la c\u00e1rcel, Antonio se estableci\u00f3 en Madrid, seg\u00fan dice siempre \u00e9l mismo en sus diarios, y comenz\u00f3 su labor art\u00edstica. En este aspecto dej\u00f3 una informaci\u00f3n valios\u00edsima en sus diarios de carteles, fotograf\u00edas, etc., de todas las \u00e9pocas en las que le toco vivir, desde las compa\u00f1\u00edas de variedades, las tourn\u00e9s \u2013una de las m\u00e1s importantes fue con Carmen Amaya\u2013, en las que recorri\u00f3 casi todo el mundo, incluida la \u00e9poca de los tablaos, en la que acompa\u00f1\u00f3 a las figuras m\u00e1s importante de su \u00e9poca, como Fosforito, entre otras muchas. En la guitarra lleg\u00f3 incluso a actuar junto con <strong>Ram\u00f3n Montoya<\/strong>, guitarrista insigne en la historia del flamenco. Adem\u00e1s tambi\u00e9n entraron los festivales de verano, en los que fue un guitarrista bastante demandado.<\/p>\n<p>Sus diarios aportaran una informaci\u00f3n muy interesante, ya que encontramos todo tipo de documentaci\u00f3n, salvoconductos, partidas de nacimiento, cartas, cuestiones internas del personaje y cuestiones reales e hist\u00f3ricas. Se intentar\u00e1 adem\u00e1s analizar la personalidad de <strong>Antonio de Linares<\/strong> como artista y persona para darle un poco del alma a su estudio, adem\u00e1s de mostrar de forma simple la biograf\u00eda de un guitarrista de gran nivel en la historia del flamenco.<\/p>\n<p>Para finalizar, se har\u00e1 un recorrido por sus grabaciones tanto en disco como en pel\u00edculas. Algunas de estas a\u00fan no se conocen y seguro ser\u00e1n de inter\u00e9s para los aficionados.<\/p>\n<p>&nbsp;<\/p>\n<h6 style=\"text-align: right;\">Imagen superior: Pucherete con Angelillo, Teatro Calder\u00f3n de Madrid, 1959 &#8211; Colecci\u00f3n Familia Pucherete<\/h6>\n<p>&nbsp;<\/p>\n","protected":false},"excerpt":{"rendered":"<p>Victor Pastor P\u00e9rez,\u00a0nieto por v\u00eda materna de Antonio Pucherete, y Jos\u00e9 Ram\u00f3n Checa Medina preparan la biograf\u00eda de la dinast\u00eda flamenca de los Pucherete. La obra refleja, adem\u00e1s, c\u00f3mo eran los lugares y situaciones del flamenco en aquella \u00e9poca.<\/p>\n","protected":false},"author":4,"featured_media":17727,"comment_status":"open","ping_status":"open","sticky":false,"template":"","format":"standard","meta":{"ngg_post_thumbnail":0,"footnotes":""},"categories":[55],"tags":[2289,2290,2288,2287,76,2286,329,2285],"class_list":["post-17724","post","type-post","status-publish","format-standard","has-post-thumbnail","hentry","category-actualidad","tag-antonio-perez-piernas","tag-antonio-pucherete","tag-carlos-perez-mendoza","tag-dinastia-pucherete","tag-flamenco","tag-jose-ramon-checa-medina","tag-libro","tag-victor-pastor-perez"],"yoast_head":"<!-- This site is optimized with the Yoast SEO plugin v27.4 - https:\/\/yoast.com\/product\/yoast-seo-wordpress\/ -->\n<title>La saga de los Pucherete: cien a\u00f1os de flamenco - Archivo Expoflamenco<\/title>\n<meta name=\"robots\" content=\"index, follow, max-snippet:-1, max-image-preview:large, max-video-preview:-1\" \/>\n<link rel=\"canonical\" href=\"https:\/\/expoflamenco.com\/archivo\/actualidad\/la-saga-de-los-pucherete-cien-anos-de-flamenco\/\" \/>\n<meta property=\"og:locale\" content=\"es_ES\" \/>\n<meta property=\"og:type\" content=\"article\" \/>\n<meta property=\"og:title\" content=\"La saga de los Pucherete: cien a\u00f1os de flamenco - Archivo Expoflamenco\" \/>\n<meta property=\"og:description\" content=\"Victor Pastor P\u00e9rez,\u00a0nieto por v\u00eda materna de Antonio Pucherete, y Jos\u00e9 Ram\u00f3n Checa Medina preparan la biograf\u00eda de la dinast\u00eda flamenca de los Pucherete. La obra refleja, adem\u00e1s, c\u00f3mo eran los lugares y situaciones del flamenco en aquella \u00e9poca.\" \/>\n<meta property=\"og:url\" content=\"https:\/\/expoflamenco.com\/archivo\/actualidad\/la-saga-de-los-pucherete-cien-anos-de-flamenco\/\" \/>\n<meta property=\"og:site_name\" content=\"Archivo Expoflamenco\" \/>\n<meta property=\"article:publisher\" content=\"https:\/\/www.facebook.com\/ExpoFlamenco\" \/>\n<meta property=\"article:published_time\" content=\"2020-02-01T12:49:18+00:00\" \/>\n<meta property=\"og:image\" content=\"https:\/\/expoflamenco.com\/archivo\/wp-content\/uploads\/2020\/02\/expoflamenco-pucherete-con-angelillo-foto-coleccion-familia-pucherete.jpg\" \/>\n\t<meta property=\"og:image:width\" content=\"1300\" \/>\n\t<meta property=\"og:image:height\" content=\"800\" \/>\n\t<meta property=\"og:image:type\" content=\"image\/jpeg\" \/>\n<meta name=\"author\" content=\"Expoflamenco\" \/>\n<meta name=\"twitter:card\" content=\"summary_large_image\" \/>\n<meta name=\"twitter:creator\" content=\"@expoflamenco1\" \/>\n<meta name=\"twitter:site\" content=\"@expoflamenco1\" \/>\n<meta name=\"twitter:label1\" content=\"Escrito por\" \/>\n\t<meta name=\"twitter:data1\" content=\"Expoflamenco\" \/>\n\t<meta name=\"twitter:label2\" content=\"Tiempo de lectura\" \/>\n\t<meta name=\"twitter:data2\" content=\"4 minutos\" \/>\n<script type=\"application\/ld+json\" class=\"yoast-schema-graph\">{\"@context\":\"https:\\\/\\\/schema.org\",\"@graph\":[{\"@type\":\"Article\",\"@id\":\"https:\\\/\\\/expoflamenco.com\\\/archivo\\\/actualidad\\\/la-saga-de-los-pucherete-cien-anos-de-flamenco\\\/#article\",\"isPartOf\":{\"@id\":\"https:\\\/\\\/expoflamenco.com\\\/archivo\\\/actualidad\\\/la-saga-de-los-pucherete-cien-anos-de-flamenco\\\/\"},\"author\":{\"name\":\"Expoflamenco\",\"@id\":\"https:\\\/\\\/expoflamenco.com\\\/archivo\\\/#\\\/schema\\\/person\\\/41b6521f4897a6811872f1e2a0554083\"},\"headline\":\"La saga de los Pucherete: cien a\u00f1os de flamenco\",\"datePublished\":\"2020-02-01T12:49:18+00:00\",\"mainEntityOfPage\":{\"@id\":\"https:\\\/\\\/expoflamenco.com\\\/archivo\\\/actualidad\\\/la-saga-de-los-pucherete-cien-anos-de-flamenco\\\/\"},\"wordCount\":730,\"commentCount\":9,\"publisher\":{\"@id\":\"https:\\\/\\\/expoflamenco.com\\\/archivo\\\/#organization\"},\"image\":{\"@id\":\"https:\\\/\\\/expoflamenco.com\\\/archivo\\\/actualidad\\\/la-saga-de-los-pucherete-cien-anos-de-flamenco\\\/#primaryimage\"},\"thumbnailUrl\":\"https:\\\/\\\/expoflamenco.com\\\/archivo\\\/wp-content\\\/uploads\\\/2020\\\/02\\\/expoflamenco-pucherete-con-angelillo-foto-coleccion-familia-pucherete.jpg\",\"keywords\":[\"Antonio P\u00e9rez Piernas\",\"Antonio Pucherete\",\"Carlos P\u00e9rez Mendoza\",\"Dinast\u00eda Pucherete\",\"flamenco\",\"Jos\u00e9 Ram\u00f3n Checa Medina\",\"libro\",\"Victor Pastor P\u00e9rez\"],\"articleSection\":[\"Actualidad flamenca\"],\"inLanguage\":\"es\",\"potentialAction\":[{\"@type\":\"CommentAction\",\"name\":\"Comment\",\"target\":[\"https:\\\/\\\/expoflamenco.com\\\/archivo\\\/actualidad\\\/la-saga-de-los-pucherete-cien-anos-de-flamenco\\\/#respond\"]}]},{\"@type\":\"WebPage\",\"@id\":\"https:\\\/\\\/expoflamenco.com\\\/archivo\\\/actualidad\\\/la-saga-de-los-pucherete-cien-anos-de-flamenco\\\/\",\"url\":\"https:\\\/\\\/expoflamenco.com\\\/archivo\\\/actualidad\\\/la-saga-de-los-pucherete-cien-anos-de-flamenco\\\/\",\"name\":\"La saga de los Pucherete: cien a\u00f1os de flamenco - Archivo Expoflamenco\",\"isPartOf\":{\"@id\":\"https:\\\/\\\/expoflamenco.com\\\/archivo\\\/#website\"},\"primaryImageOfPage\":{\"@id\":\"https:\\\/\\\/expoflamenco.com\\\/archivo\\\/actualidad\\\/la-saga-de-los-pucherete-cien-anos-de-flamenco\\\/#primaryimage\"},\"image\":{\"@id\":\"https:\\\/\\\/expoflamenco.com\\\/archivo\\\/actualidad\\\/la-saga-de-los-pucherete-cien-anos-de-flamenco\\\/#primaryimage\"},\"thumbnailUrl\":\"https:\\\/\\\/expoflamenco.com\\\/archivo\\\/wp-content\\\/uploads\\\/2020\\\/02\\\/expoflamenco-pucherete-con-angelillo-foto-coleccion-familia-pucherete.jpg\",\"datePublished\":\"2020-02-01T12:49:18+00:00\",\"breadcrumb\":{\"@id\":\"https:\\\/\\\/expoflamenco.com\\\/archivo\\\/actualidad\\\/la-saga-de-los-pucherete-cien-anos-de-flamenco\\\/#breadcrumb\"},\"inLanguage\":\"es\",\"potentialAction\":[{\"@type\":\"ReadAction\",\"target\":[\"https:\\\/\\\/expoflamenco.com\\\/archivo\\\/actualidad\\\/la-saga-de-los-pucherete-cien-anos-de-flamenco\\\/\"]}]},{\"@type\":\"ImageObject\",\"inLanguage\":\"es\",\"@id\":\"https:\\\/\\\/expoflamenco.com\\\/archivo\\\/actualidad\\\/la-saga-de-los-pucherete-cien-anos-de-flamenco\\\/#primaryimage\",\"url\":\"https:\\\/\\\/expoflamenco.com\\\/archivo\\\/wp-content\\\/uploads\\\/2020\\\/02\\\/expoflamenco-pucherete-con-angelillo-foto-coleccion-familia-pucherete.jpg\",\"contentUrl\":\"https:\\\/\\\/expoflamenco.com\\\/archivo\\\/wp-content\\\/uploads\\\/2020\\\/02\\\/expoflamenco-pucherete-con-angelillo-foto-coleccion-familia-pucherete.jpg\",\"width\":1300,\"height\":800},{\"@type\":\"BreadcrumbList\",\"@id\":\"https:\\\/\\\/expoflamenco.com\\\/archivo\\\/actualidad\\\/la-saga-de-los-pucherete-cien-anos-de-flamenco\\\/#breadcrumb\",\"itemListElement\":[{\"@type\":\"ListItem\",\"position\":1,\"name\":\"Inicio\",\"item\":\"https:\\\/\\\/expoflamenco.com\\\/archivo\\\/\"},{\"@type\":\"ListItem\",\"position\":2,\"name\":\"La saga de los Pucherete: cien a\u00f1os de flamenco\"}]},{\"@type\":\"WebSite\",\"@id\":\"https:\\\/\\\/expoflamenco.com\\\/archivo\\\/#website\",\"url\":\"https:\\\/\\\/expoflamenco.com\\\/archivo\\\/\",\"name\":\"Archivo Expoflamenco\",\"description\":\"Portal de arte flamenco: noticias, entrevistas, blogs, cr\u00edticas, investigaci\u00f3n\",\"publisher\":{\"@id\":\"https:\\\/\\\/expoflamenco.com\\\/archivo\\\/#organization\"},\"potentialAction\":[{\"@type\":\"SearchAction\",\"target\":{\"@type\":\"EntryPoint\",\"urlTemplate\":\"https:\\\/\\\/expoflamenco.com\\\/archivo\\\/?s={search_term_string}\"},\"query-input\":{\"@type\":\"PropertyValueSpecification\",\"valueRequired\":true,\"valueName\":\"search_term_string\"}}],\"inLanguage\":\"es\"},{\"@type\":\"Organization\",\"@id\":\"https:\\\/\\\/expoflamenco.com\\\/archivo\\\/#organization\",\"name\":\"Expoflamenco\",\"url\":\"https:\\\/\\\/expoflamenco.com\\\/archivo\\\/\",\"logo\":{\"@type\":\"ImageObject\",\"inLanguage\":\"es\",\"@id\":\"https:\\\/\\\/expoflamenco.com\\\/archivo\\\/#\\\/schema\\\/logo\\\/image\\\/\",\"url\":\"https:\\\/\\\/www.expoflamenco.com\\\/archivo\\\/wp-content\\\/uploads\\\/2022\\\/11\\\/banner-cabecera-mobile.jpg\",\"contentUrl\":\"https:\\\/\\\/www.expoflamenco.com\\\/archivo\\\/wp-content\\\/uploads\\\/2022\\\/11\\\/banner-cabecera-mobile.jpg\",\"width\":299,\"height\":75,\"caption\":\"Expoflamenco\"},\"image\":{\"@id\":\"https:\\\/\\\/expoflamenco.com\\\/archivo\\\/#\\\/schema\\\/logo\\\/image\\\/\"},\"sameAs\":[\"https:\\\/\\\/www.facebook.com\\\/ExpoFlamenco\",\"https:\\\/\\\/x.com\\\/expoflamenco1\",\"https:\\\/\\\/www.instagram.com\\\/expoflamenco\\\/\",\"https:\\\/\\\/www.youtube.com\\\/expoflamenco\"]},{\"@type\":\"Person\",\"@id\":\"https:\\\/\\\/expoflamenco.com\\\/archivo\\\/#\\\/schema\\\/person\\\/41b6521f4897a6811872f1e2a0554083\",\"name\":\"Expoflamenco\",\"image\":{\"@type\":\"ImageObject\",\"inLanguage\":\"es\",\"@id\":\"https:\\\/\\\/secure.gravatar.com\\\/avatar\\\/9d843cd005fbb7439019d77d9d525d9a5177f873994fbb60a14dab6df3a60f72?s=96&r=g\",\"url\":\"https:\\\/\\\/secure.gravatar.com\\\/avatar\\\/9d843cd005fbb7439019d77d9d525d9a5177f873994fbb60a14dab6df3a60f72?s=96&r=g\",\"contentUrl\":\"https:\\\/\\\/secure.gravatar.com\\\/avatar\\\/9d843cd005fbb7439019d77d9d525d9a5177f873994fbb60a14dab6df3a60f72?s=96&r=g\",\"caption\":\"Expoflamenco\"},\"description\":\"Portal global de arte flamenco. El conocimiento y la pasi\u00f3n. La jondura y la pena. El pellizco y la fiesta. Patrimonio Cultural de la Humanidad.\",\"sameAs\":[\"http:\\\/\\\/wwww.expoflamenco.com\"],\"url\":\"https:\\\/\\\/expoflamenco.com\\\/archivo\\\/author\\\/expoflamenco\\\/\"}]}<\/script>\n<!-- \/ Yoast SEO plugin. -->","yoast_head_json":{"title":"La saga de los Pucherete: cien a\u00f1os de flamenco - Archivo Expoflamenco","robots":{"index":"index","follow":"follow","max-snippet":"max-snippet:-1","max-image-preview":"max-image-preview:large","max-video-preview":"max-video-preview:-1"},"canonical":"https:\/\/expoflamenco.com\/archivo\/actualidad\/la-saga-de-los-pucherete-cien-anos-de-flamenco\/","og_locale":"es_ES","og_type":"article","og_title":"La saga de los Pucherete: cien a\u00f1os de flamenco - Archivo Expoflamenco","og_description":"Victor Pastor P\u00e9rez,\u00a0nieto por v\u00eda materna de Antonio Pucherete, y Jos\u00e9 Ram\u00f3n Checa Medina preparan la biograf\u00eda de la dinast\u00eda flamenca de los Pucherete. La obra refleja, adem\u00e1s, c\u00f3mo eran los lugares y situaciones del flamenco en aquella \u00e9poca.","og_url":"https:\/\/expoflamenco.com\/archivo\/actualidad\/la-saga-de-los-pucherete-cien-anos-de-flamenco\/","og_site_name":"Archivo Expoflamenco","article_publisher":"https:\/\/www.facebook.com\/ExpoFlamenco","article_published_time":"2020-02-01T12:49:18+00:00","og_image":[{"width":1300,"height":800,"url":"https:\/\/expoflamenco.com\/archivo\/wp-content\/uploads\/2020\/02\/expoflamenco-pucherete-con-angelillo-foto-coleccion-familia-pucherete.jpg","type":"image\/jpeg"}],"author":"Expoflamenco","twitter_card":"summary_large_image","twitter_creator":"@expoflamenco1","twitter_site":"@expoflamenco1","twitter_misc":{"Escrito por":"Expoflamenco","Tiempo de lectura":"4 minutos"},"schema":{"@context":"https:\/\/schema.org","@graph":[{"@type":"Article","@id":"https:\/\/expoflamenco.com\/archivo\/actualidad\/la-saga-de-los-pucherete-cien-anos-de-flamenco\/#article","isPartOf":{"@id":"https:\/\/expoflamenco.com\/archivo\/actualidad\/la-saga-de-los-pucherete-cien-anos-de-flamenco\/"},"author":{"name":"Expoflamenco","@id":"https:\/\/expoflamenco.com\/archivo\/#\/schema\/person\/41b6521f4897a6811872f1e2a0554083"},"headline":"La saga de los Pucherete: cien a\u00f1os de flamenco","datePublished":"2020-02-01T12:49:18+00:00","mainEntityOfPage":{"@id":"https:\/\/expoflamenco.com\/archivo\/actualidad\/la-saga-de-los-pucherete-cien-anos-de-flamenco\/"},"wordCount":730,"commentCount":9,"publisher":{"@id":"https:\/\/expoflamenco.com\/archivo\/#organization"},"image":{"@id":"https:\/\/expoflamenco.com\/archivo\/actualidad\/la-saga-de-los-pucherete-cien-anos-de-flamenco\/#primaryimage"},"thumbnailUrl":"https:\/\/expoflamenco.com\/archivo\/wp-content\/uploads\/2020\/02\/expoflamenco-pucherete-con-angelillo-foto-coleccion-familia-pucherete.jpg","keywords":["Antonio P\u00e9rez Piernas","Antonio Pucherete","Carlos P\u00e9rez Mendoza","Dinast\u00eda Pucherete","flamenco","Jos\u00e9 Ram\u00f3n Checa Medina","libro","Victor Pastor P\u00e9rez"],"articleSection":["Actualidad flamenca"],"inLanguage":"es","potentialAction":[{"@type":"CommentAction","name":"Comment","target":["https:\/\/expoflamenco.com\/archivo\/actualidad\/la-saga-de-los-pucherete-cien-anos-de-flamenco\/#respond"]}]},{"@type":"WebPage","@id":"https:\/\/expoflamenco.com\/archivo\/actualidad\/la-saga-de-los-pucherete-cien-anos-de-flamenco\/","url":"https:\/\/expoflamenco.com\/archivo\/actualidad\/la-saga-de-los-pucherete-cien-anos-de-flamenco\/","name":"La saga de los Pucherete: cien a\u00f1os de flamenco - Archivo Expoflamenco","isPartOf":{"@id":"https:\/\/expoflamenco.com\/archivo\/#website"},"primaryImageOfPage":{"@id":"https:\/\/expoflamenco.com\/archivo\/actualidad\/la-saga-de-los-pucherete-cien-anos-de-flamenco\/#primaryimage"},"image":{"@id":"https:\/\/expoflamenco.com\/archivo\/actualidad\/la-saga-de-los-pucherete-cien-anos-de-flamenco\/#primaryimage"},"thumbnailUrl":"https:\/\/expoflamenco.com\/archivo\/wp-content\/uploads\/2020\/02\/expoflamenco-pucherete-con-angelillo-foto-coleccion-familia-pucherete.jpg","datePublished":"2020-02-01T12:49:18+00:00","breadcrumb":{"@id":"https:\/\/expoflamenco.com\/archivo\/actualidad\/la-saga-de-los-pucherete-cien-anos-de-flamenco\/#breadcrumb"},"inLanguage":"es","potentialAction":[{"@type":"ReadAction","target":["https:\/\/expoflamenco.com\/archivo\/actualidad\/la-saga-de-los-pucherete-cien-anos-de-flamenco\/"]}]},{"@type":"ImageObject","inLanguage":"es","@id":"https:\/\/expoflamenco.com\/archivo\/actualidad\/la-saga-de-los-pucherete-cien-anos-de-flamenco\/#primaryimage","url":"https:\/\/expoflamenco.com\/archivo\/wp-content\/uploads\/2020\/02\/expoflamenco-pucherete-con-angelillo-foto-coleccion-familia-pucherete.jpg","contentUrl":"https:\/\/expoflamenco.com\/archivo\/wp-content\/uploads\/2020\/02\/expoflamenco-pucherete-con-angelillo-foto-coleccion-familia-pucherete.jpg","width":1300,"height":800},{"@type":"BreadcrumbList","@id":"https:\/\/expoflamenco.com\/archivo\/actualidad\/la-saga-de-los-pucherete-cien-anos-de-flamenco\/#breadcrumb","itemListElement":[{"@type":"ListItem","position":1,"name":"Inicio","item":"https:\/\/expoflamenco.com\/archivo\/"},{"@type":"ListItem","position":2,"name":"La saga de los Pucherete: cien a\u00f1os de flamenco"}]},{"@type":"WebSite","@id":"https:\/\/expoflamenco.com\/archivo\/#website","url":"https:\/\/expoflamenco.com\/archivo\/","name":"Archivo Expoflamenco","description":"Portal de arte flamenco: noticias, entrevistas, blogs, cr\u00edticas, investigaci\u00f3n","publisher":{"@id":"https:\/\/expoflamenco.com\/archivo\/#organization"},"potentialAction":[{"@type":"SearchAction","target":{"@type":"EntryPoint","urlTemplate":"https:\/\/expoflamenco.com\/archivo\/?s={search_term_string}"},"query-input":{"@type":"PropertyValueSpecification","valueRequired":true,"valueName":"search_term_string"}}],"inLanguage":"es"},{"@type":"Organization","@id":"https:\/\/expoflamenco.com\/archivo\/#organization","name":"Expoflamenco","url":"https:\/\/expoflamenco.com\/archivo\/","logo":{"@type":"ImageObject","inLanguage":"es","@id":"https:\/\/expoflamenco.com\/archivo\/#\/schema\/logo\/image\/","url":"https:\/\/www.expoflamenco.com\/archivo\/wp-content\/uploads\/2022\/11\/banner-cabecera-mobile.jpg","contentUrl":"https:\/\/www.expoflamenco.com\/archivo\/wp-content\/uploads\/2022\/11\/banner-cabecera-mobile.jpg","width":299,"height":75,"caption":"Expoflamenco"},"image":{"@id":"https:\/\/expoflamenco.com\/archivo\/#\/schema\/logo\/image\/"},"sameAs":["https:\/\/www.facebook.com\/ExpoFlamenco","https:\/\/x.com\/expoflamenco1","https:\/\/www.instagram.com\/expoflamenco\/","https:\/\/www.youtube.com\/expoflamenco"]},{"@type":"Person","@id":"https:\/\/expoflamenco.com\/archivo\/#\/schema\/person\/41b6521f4897a6811872f1e2a0554083","name":"Expoflamenco","image":{"@type":"ImageObject","inLanguage":"es","@id":"https:\/\/secure.gravatar.com\/avatar\/9d843cd005fbb7439019d77d9d525d9a5177f873994fbb60a14dab6df3a60f72?s=96&r=g","url":"https:\/\/secure.gravatar.com\/avatar\/9d843cd005fbb7439019d77d9d525d9a5177f873994fbb60a14dab6df3a60f72?s=96&r=g","contentUrl":"https:\/\/secure.gravatar.com\/avatar\/9d843cd005fbb7439019d77d9d525d9a5177f873994fbb60a14dab6df3a60f72?s=96&r=g","caption":"Expoflamenco"},"description":"Portal global de arte flamenco. El conocimiento y la pasi\u00f3n. La jondura y la pena. El pellizco y la fiesta. Patrimonio Cultural de la Humanidad.","sameAs":["http:\/\/wwww.expoflamenco.com"],"url":"https:\/\/expoflamenco.com\/archivo\/author\/expoflamenco\/"}]}},"_links":{"self":[{"href":"https:\/\/expoflamenco.com\/archivo\/wp-json\/wp\/v2\/posts\/17724","targetHints":{"allow":["GET"]}}],"collection":[{"href":"https:\/\/expoflamenco.com\/archivo\/wp-json\/wp\/v2\/posts"}],"about":[{"href":"https:\/\/expoflamenco.com\/archivo\/wp-json\/wp\/v2\/types\/post"}],"author":[{"embeddable":true,"href":"https:\/\/expoflamenco.com\/archivo\/wp-json\/wp\/v2\/users\/4"}],"replies":[{"embeddable":true,"href":"https:\/\/expoflamenco.com\/archivo\/wp-json\/wp\/v2\/comments?post=17724"}],"version-history":[{"count":1,"href":"https:\/\/expoflamenco.com\/archivo\/wp-json\/wp\/v2\/posts\/17724\/revisions"}],"predecessor-version":[{"id":17729,"href":"https:\/\/expoflamenco.com\/archivo\/wp-json\/wp\/v2\/posts\/17724\/revisions\/17729"}],"wp:featuredmedia":[{"embeddable":true,"href":"https:\/\/expoflamenco.com\/archivo\/wp-json\/wp\/v2\/media\/17727"}],"wp:attachment":[{"href":"https:\/\/expoflamenco.com\/archivo\/wp-json\/wp\/v2\/media?parent=17724"}],"wp:term":[{"taxonomy":"category","embeddable":true,"href":"https:\/\/expoflamenco.com\/archivo\/wp-json\/wp\/v2\/categories?post=17724"},{"taxonomy":"post_tag","embeddable":true,"href":"https:\/\/expoflamenco.com\/archivo\/wp-json\/wp\/v2\/tags?post=17724"}],"curies":[{"name":"wp","href":"https:\/\/api.w.org\/{rel}","templated":true}]}}