{"id":83527,"date":"2026-09-01T11:10:43","date_gmt":"2026-09-01T09:10:43","guid":{"rendered":"https:\/\/expoflamenco.com\/agenda\/?p=83527"},"modified":"2026-09-01T11:16:26","modified_gmt":"2026-09-01T09:16:26","slug":"el-ballet-espanol-de-la-comunidad-de-madrid-lleva-nascencia-al-festival-escena-escorial","status":"publish","type":"post","link":"https:\/\/expoflamenco.com\/agenda\/el-ballet-espanol-de-la-comunidad-de-madrid-lleva-nascencia-al-festival-escena-escorial\/","title":{"rendered":"El Ballet Espa\u00f1ol de la Comunidad de Madrid lleva Nascencia al Festival Escena Escorial","gt_translate_keys":[{"key":"rendered","format":"text"}]},"content":{"rendered":"<p style=\"text-align: left\"><strong>La compa\u00f1\u00eda presenta el 3 de septiembre en San Lorenzo de El Escorial su nueva creaci\u00f3n, dirigida por M\u00f3nica Fern\u00e1ndez<\/strong><\/p>\n<p style=\"text-align: left\"><strong>Tras su paso por Cl\u00e1sicos en Alcal\u00e1, Nascencia llegar\u00e1 a Madrid capital del 24 de septiembre al 4 de octubre en los Teatros del Canal<\/strong><\/p>\n<p style=\"text-align: left\"><a class=\"btn btn-default\" href=\"https:\/\/expoflamenco.com\/agenda\/eventos\/nascencia-ballet-espanol-de-madrid-462\/\">Ver Teatro Canal<\/a><\/p>\n<p><a class=\"btn btn-default\" href=\"https:\/\/expoflamenco.com\/agenda\/eventos\/nascencia-ballet-espanol-de-madrid\/?preview_id=83526&amp;preview_nonce=d03873c687&amp;_thumbnail_id=83532&amp;preview=true\">El Escorial<\/a><\/p>\n<p style=\"text-align: left\">Madrid, 19 de agosto de 2026. &#8211;<strong>\u00a0El Ballet Espa\u00f1ol de la Comunidad de Madrid\u00a0presenta el pr\u00f3ximo\u00a03 de septiembre\u00a0Nascencia\u00a0en el Festival Internacional de Artes Esc\u00e9nicas\u00a0Escena Escorial<\/strong>, continuando el recorrido de una producci\u00f3n que tuvo su primera cita con el p\u00fablico el pasado mes de junio en el Festival Cl\u00e1sicos en Alcal\u00e1.<\/p>\n<p style=\"text-align: left\">Bajo la direcci\u00f3n art\u00edstica de\u00a0M\u00f3nica Fern\u00e1ndez,\u00a0Nascencia\u00a0es un poema en movimiento sobre la capacidad humana de renacer. Una suite de danza espa\u00f1ola contempor\u00e1nea que recorre el camino que va de la herida a la reconstrucci\u00f3n y entrelaza la fuerza de las ra\u00edces folcl\u00f3ricas, la emoci\u00f3n del flamenco y la libertad de la creaci\u00f3n contempor\u00e1nea.<\/p>\n<figure id=\"attachment_83529\" aria-describedby=\"caption-attachment-83529\" style=\"width: 1140px\" class=\"wp-caption aligncenter\"><img decoding=\"async\" class=\"wp-image-83529 size-full\" src=\"https:\/\/expoflamenco.com\/agenda\/wp-content\/uploads\/sites\/22\/2026\/08\/ballet-flamenco-de-c-madrid-01.webp\" alt=\"\" width=\"1140\" height=\"760\" srcset=\"https:\/\/expoflamenco.com\/agenda\/wp-content\/uploads\/sites\/22\/2026\/08\/ballet-flamenco-de-c-madrid-01.webp 1140w, https:\/\/expoflamenco.com\/agenda\/wp-content\/uploads\/sites\/22\/2026\/08\/ballet-flamenco-de-c-madrid-01-570x380.webp 570w, https:\/\/expoflamenco.com\/agenda\/wp-content\/uploads\/sites\/22\/2026\/08\/ballet-flamenco-de-c-madrid-01-855x570.webp 855w, https:\/\/expoflamenco.com\/agenda\/wp-content\/uploads\/sites\/22\/2026\/08\/ballet-flamenco-de-c-madrid-01-768x512.webp 768w, https:\/\/expoflamenco.com\/agenda\/wp-content\/uploads\/sites\/22\/2026\/08\/ballet-flamenco-de-c-madrid-01-391x260.webp 391w, https:\/\/expoflamenco.com\/agenda\/wp-content\/uploads\/sites\/22\/2026\/08\/ballet-flamenco-de-c-madrid-01-750x500.webp 750w\" sizes=\"(max-width: 1140px) 100vw, 1140px\" \/><figcaption id=\"caption-attachment-83529\" class=\"wp-caption-text\">Bailarinas del Ballet Espa\u00f1ol de la Comunidad de Madrid en una escena de Nascencia. \u00a9Juan Carlos Toledo<\/figcaption><\/figure>\n<p style=\"text-align: left\">El espect\u00e1culo propone convertir la resiliencia en una experiencia esc\u00e9nica. A trav\u00e9s de una poderosa propuesta visual, una cuidada dramaturgia del color y la presencia de m\u00fasica flamenca en directo,\u00a0Nascencia\u00a0construye un tr\u00e1nsito desde la oscuridad hacia la luz que busca conmover, inspirar y envolver al espectador.<\/p>\n<p style=\"text-align: left\">La obra parte de una experiencia profundamente universal: la capacidad de transformarse y volver a empezar. Desde esa idea, el Ballet Espa\u00f1ol de la Comunidad de Madrid desarrolla un lenguaje en el que tradici\u00f3n y contemporaneidad conviven y en el que las distintas expresiones de la danza espa\u00f1ola encuentran nuevas formas de relacionarse con la escena actual.<\/p>\n<p style=\"text-align: left\"><strong>Un recorrido iniciado en Cl\u00e1sicos en Alcal\u00e1<\/strong><\/p>\n<p style=\"text-align: left\">Nascencia\u00a0inici\u00f3 su andadura esc\u00e9nica el pasado\u00a027 de junio en el Festival Cl\u00e1sicos en Alcal\u00e1, donde el Ballet Espa\u00f1ol de la Comunidad de Madrid present\u00f3 la producci\u00f3n en el Patio de Santo Tom\u00e1s de Villanueva de la Universidad de Alcal\u00e1.<\/p>\n<p style=\"text-align: left\">Su participaci\u00f3n ahora en Escena Escorial supone una nueva etapa en el recorrido del espect\u00e1culo antes de su llegada a\u00a0Madrid capital, donde podr\u00e1 verse en los\u00a0Teatros del Canal del 24 de septiembre al 4 de octubre de 2026, dentro de la temporada 2026\/2027.<\/p>\n<p style=\"text-align: left\">Con este recorrido, el Ballet Espa\u00f1ol de la Comunidad de Madrid contin\u00faa acercando su trabajo a diferentes p\u00fablicos y escenarios de la regi\u00f3n, al tiempo que profundiza en una l\u00ednea art\u00edstica que parte del patrimonio de la danza espa\u00f1ola para dialogar con los lenguajes contempor\u00e1neos.<\/p>\n<p style=\"text-align: left\"><img decoding=\"async\" class=\"size-full wp-image-83531 alignnone\" src=\"https:\/\/expoflamenco.com\/agenda\/wp-content\/uploads\/sites\/22\/2026\/08\/ballet-flamenco-de-c-madrid-nascencia.webp\" alt=\"\" width=\"510\" height=\"733\" srcset=\"https:\/\/expoflamenco.com\/agenda\/wp-content\/uploads\/sites\/22\/2026\/08\/ballet-flamenco-de-c-madrid-nascencia.webp 510w, https:\/\/expoflamenco.com\/agenda\/wp-content\/uploads\/sites\/22\/2026\/08\/ballet-flamenco-de-c-madrid-nascencia-264x380.webp 264w, https:\/\/expoflamenco.com\/agenda\/wp-content\/uploads\/sites\/22\/2026\/08\/ballet-flamenco-de-c-madrid-nascencia-397x570.webp 397w\" sizes=\"(max-width: 510px) 100vw, 510px\" \/><\/p>\n<p style=\"text-align: left\"><strong>Una creaci\u00f3n dirigida por M\u00f3nica Fern\u00e1ndez<\/strong><\/p>\n<p style=\"text-align: left\">La direcci\u00f3n art\u00edstica y la coreograf\u00eda de\u00a0Nascencia\u00a0corresponden a\u00a0M\u00f3nica Fern\u00e1ndez, con coreograf\u00edas cedidas por\u00a0Rub\u00e9n Olmo. Mariano Bernal participa como ayudante de coreograf\u00eda y Cristina G\u00f3mez como maestra especialista.<\/p>\n<p style=\"text-align: left\"><strong>La direcci\u00f3n musical corre a cargo de\u00a0Lucky Losada, con m\u00fasicas de Agust\u00edn Diassera, Jes\u00fas Calluela, Padre Soler, Lucky Losada, Vaqui Losada, Iv\u00e1n Losada y David Cerreduela. La adaptaci\u00f3n musical de la sonata corresponde a Lucky Losada y Bato Hangonyi.<\/strong><\/p>\n<p style=\"text-align: left\"><strong>M\u00f3nica Fern\u00e1ndez y\u00a0Ra\u00fal Alonso\u00a0comparten la direcci\u00f3n esc\u00e9nica, mientras que\u00a0Pedro Yag\u00fce\u00a0firma el dise\u00f1o de iluminaci\u00f3n. El dise\u00f1o de vestuario corresponde a M\u00f3nica Fern\u00e1ndez y Jasanzo y el dise\u00f1o de im\u00e1genes es obra de Manel Pujol Balada.<\/strong><\/p>\n<p style=\"text-align: left\">Con una duraci\u00f3n de\u00a065 minutos,\u00a0Nascencia\u00a0se dirige tanto a los amantes de la danza, la m\u00fasica y la creaci\u00f3n esc\u00e9nica como a cualquier espectador que pueda reconocerse en una historia de ca\u00edda, transformaci\u00f3n y renacimiento.<\/p>\n<figure id=\"attachment_83528\" aria-describedby=\"caption-attachment-83528\" style=\"width: 1140px\" class=\"wp-caption aligncenter\"><img decoding=\"async\" class=\"wp-image-83528 size-full\" src=\"https:\/\/expoflamenco.com\/agenda\/wp-content\/uploads\/sites\/22\/2026\/08\/ballet-flamenco-de-c-madrid.webp\" alt=\"\" width=\"1140\" height=\"760\" srcset=\"https:\/\/expoflamenco.com\/agenda\/wp-content\/uploads\/sites\/22\/2026\/08\/ballet-flamenco-de-c-madrid.webp 1140w, https:\/\/expoflamenco.com\/agenda\/wp-content\/uploads\/sites\/22\/2026\/08\/ballet-flamenco-de-c-madrid-570x380.webp 570w, https:\/\/expoflamenco.com\/agenda\/wp-content\/uploads\/sites\/22\/2026\/08\/ballet-flamenco-de-c-madrid-855x570.webp 855w, https:\/\/expoflamenco.com\/agenda\/wp-content\/uploads\/sites\/22\/2026\/08\/ballet-flamenco-de-c-madrid-768x512.webp 768w, https:\/\/expoflamenco.com\/agenda\/wp-content\/uploads\/sites\/22\/2026\/08\/ballet-flamenco-de-c-madrid-391x260.webp 391w, https:\/\/expoflamenco.com\/agenda\/wp-content\/uploads\/sites\/22\/2026\/08\/ballet-flamenco-de-c-madrid-750x500.webp 750w\" sizes=\"(max-width: 1140px) 100vw, 1140px\" \/><figcaption id=\"caption-attachment-83528\" class=\"wp-caption-text\">Bailarines del Ballet Espa\u00f1ol de la Comunidad de Madrid en una escena de Nascencia. \u00a9Juan Carlos Toledo<\/figcaption><\/figure>\n<p style=\"text-align: left\"><strong>Ficha art\u00edstica<\/strong><\/p>\n<p style=\"text-align: left\">Compa\u00f1\u00eda:\u00a0Ballet Espa\u00f1ol de la Comunidad de Madrid<br \/>\nDirecci\u00f3n art\u00edstica:\u00a0M\u00f3nica Fern\u00e1ndez<br \/>\nCoreograf\u00eda:\u00a0M\u00f3nica Fern\u00e1ndez, coreograf\u00edas cedidas por Rub\u00e9n Olmo<br \/>\nAyudante de coreograf\u00eda:\u00a0Mariano Bernal<br \/>\nMaestra especialista:\u00a0Cristina G\u00f3mez<br \/>\nDirecci\u00f3n musical:\u00a0Lucky Losada<br \/>\nM\u00fasica:\u00a0Agust\u00edn Diassera, Jes\u00fas Calluela, Padre Soler, Lucky Losada, Vaqui Losada, Iv\u00e1n Losada y David Cerreduela<br \/>\nAdaptaci\u00f3n musical sonata:\u00a0Lucky Losada, Bato Hangonyi<br \/>\nDirecci\u00f3n esc\u00e9nica:\u00a0M\u00f3nica Fern\u00e1ndez y Ra\u00fal Alonso<br \/>\nDise\u00f1o de iluminaci\u00f3n:\u00a0Pedro Yag\u00fce<br \/>\nDise\u00f1o de vestuario:\u00a0M\u00f3nica Fern\u00e1ndez y Jasanzo<br \/>\nFigurines:\u00a0Jasanzo<br \/>\nDise\u00f1o de im\u00e1genes:\u00a0Manel Pujol Balada<\/p>\n<p style=\"text-align: left\">Escena Escorial<br \/>\nFecha:\u00a03 de septiembre de 2026<br \/>\nLugar:\u00a0Teatro Auditorio San Lorenzo de El Escorial<br \/>\nDuraci\u00f3n:\u00a065 minutos<\/p>\n","protected":false,"gt_translate_keys":[{"key":"rendered","format":"html"}]},"excerpt":{"rendered":"<p>La compa\u00f1\u00eda presenta el 3 de septiembre en San Lorenzo de El Escorial su nueva creaci\u00f3n, dirigida por M\u00f3nica Fern\u00e1ndez Tras su paso por Cl\u00e1sicos en Alcal\u00e1, Nascencia llegar\u00e1 a Madrid capital del 24 de septiembre al 4 de octubre en los Teatros del Canal Ver Teatro Canal El Escorial Madrid, 19 de agosto de [&hellip;]<\/p>\n","protected":false,"gt_translate_keys":[{"key":"rendered","format":"html"}]},"author":56,"featured_media":83532,"comment_status":"open","ping_status":"open","sticky":false,"template":"","format":"standard","meta":{"_acf_changed":false,"pmpro_default_level":"","jnews-multi-image_gallery":[],"jnews_single_post":{"subtitle":"","format":"standard","featured_image_fetch_priority_high":"1","jnews_video_option_group":[[]],"override":[{"template":"3","parallax":"1","fullscreen":"1","layout":"right-sidebar","sidebar":"default-sidebar","main_content_tag":"div","second_sidebar":"default-sidebar","sticky_sidebar":"1","share_position":"bottom","share_float_style":"share-monocrhome","show_share_counter":"1","show_view_counter":"1","show_featured":"1","show_post_meta":"1","show_post_author_image":"1","post_date_format":"default","post_date_format_custom":"Y\/m\/d","show_post_category":"1","post_reading_time_wpm":"300","post_calculate_word_method":"str_word_count","zoom_button_out_step":"2","zoom_button_in_step":"3","show_post_tag":"1","show_popup_post":"1","number_popup_post":"1","show_post_related":"1"}],"image_override":[{"single_post_thumbnail_size":"crop-500","single_post_gallery_size":"crop-500"}],"trending_post_position":"meta","trending_post_label":"Trending","sponsored_post_label":"Sponsored by","disable_ad":"0"},"jnews_primary_category":[],"jnews_override_bookmark_settings":{"override_bookmark_button":"0","override_show_bookmark_button":"0"},"jnews_social_meta":[],"jnews_review":[],"enable_review":"","type":"percentage","name":"","summary":"","brand":"","sku":"","good":[],"bad":[],"score_override":"","override_value":"","rating":[],"price":[],"jnews_override_counter":{"view_counter_number":"0","share_counter_number":"0","like_counter_number":"0","dislike_counter_number":"0"},"jnews_post_split":{"post_split":[{"template":"1","tag":"h2","numbering":"asc","mode":"normal","first":"0","enable_toc":"0","toc_type":"normal"}]},"footnotes":""},"categories":[110,707],"tags":[2239,2148],"class_list":["post-83527","post","type-post","status-publish","format-standard","has-post-thumbnail","hentry","category-actualidad-agenda","category-espectaculos","tag-ballet-comunidad-de-madrid","tag-nascencia","pmpro-has-access"],"acf":[],"gt_translate_keys":[{"key":"link","format":"url"}],"_links":{"self":[{"href":"https:\/\/expoflamenco.com\/agenda\/wp-json\/wp\/v2\/posts\/83527","targetHints":{"allow":["GET"]}}],"collection":[{"href":"https:\/\/expoflamenco.com\/agenda\/wp-json\/wp\/v2\/posts"}],"about":[{"href":"https:\/\/expoflamenco.com\/agenda\/wp-json\/wp\/v2\/types\/post"}],"author":[{"embeddable":true,"href":"https:\/\/expoflamenco.com\/agenda\/wp-json\/wp\/v2\/users\/56"}],"replies":[{"embeddable":true,"href":"https:\/\/expoflamenco.com\/agenda\/wp-json\/wp\/v2\/comments?post=83527"}],"version-history":[{"count":1,"href":"https:\/\/expoflamenco.com\/agenda\/wp-json\/wp\/v2\/posts\/83527\/revisions"}],"predecessor-version":[{"id":83539,"href":"https:\/\/expoflamenco.com\/agenda\/wp-json\/wp\/v2\/posts\/83527\/revisions\/83539"}],"wp:featuredmedia":[{"embeddable":true,"href":"https:\/\/expoflamenco.com\/agenda\/wp-json\/wp\/v2\/media\/83532"}],"wp:attachment":[{"href":"https:\/\/expoflamenco.com\/agenda\/wp-json\/wp\/v2\/media?parent=83527"}],"wp:term":[{"taxonomy":"category","embeddable":true,"href":"https:\/\/expoflamenco.com\/agenda\/wp-json\/wp\/v2\/categories?post=83527"},{"taxonomy":"post_tag","embeddable":true,"href":"https:\/\/expoflamenco.com\/agenda\/wp-json\/wp\/v2\/tags?post=83527"}],"curies":[{"name":"wp","href":"https:\/\/api.w.org\/{rel}","templated":true}]}}