{"id":83509,"date":"2026-08-14T13:34:11","date_gmt":"2026-08-14T11:34:11","guid":{"rendered":"https:\/\/expoflamenco.com\/agenda\/?p=83509"},"modified":"2026-08-14T13:43:52","modified_gmt":"2026-08-14T11:43:52","slug":"nace-el-instituto-internacional-de-guitarra-flamenca-manolo-sanlucar","status":"publish","type":"post","link":"https:\/\/expoflamenco.com\/agenda\/nace-el-instituto-internacional-de-guitarra-flamenca-manolo-sanlucar\/","title":{"rendered":"NACE EL INSTITUTO INTERNACIONAL DE GUITARRA FLAMENCA MANOLO SANL\u00daCAR","gt_translate_keys":[{"key":"rendered","format":"text"}]},"content":{"rendered":"<p style=\"text-align: left\"><strong>El legado de Manolo Sanl\u00facar se convierte en presente.<\/strong><br \/>\n<strong>Manolo Sanl\u00facar nos ense\u00f1\u00f3 el camino. con el guitarrista y compositor Juan Carlos romero seguimos recorri\u00e9ndolo.<\/strong><br \/>\n<strong>Instituto Internacional de Guitarra Flamenca Manolo Sanl\u00facar<\/strong><br \/>\n<strong>una iniciativa de la Fundaci\u00f3n Manolo Sanl\u00facar<\/strong><\/p>\n<p style=\"text-align: left\"><a class=\"btn btn-default\" href=\"https:\/\/expoflamenco.com\/agenda\/eventos\/inscripcion-curso-de-guitarra-manolo-sanlucar-2026\/\">Bases e Inscripci\u00f3n<\/a><\/p>\n<p style=\"text-align: left\"><strong>Concepto\u00a0<\/strong><\/p>\n<p style=\"text-align: left\">Hay nombres que pertenecen a la historia.<br \/>\nY hay legados que siguen construyendo el futuro.<\/p>\n<p style=\"text-align: left\">Manolo Sanl\u00facar transform\u00f3 la guitarra flamenca desde el conocimiento, la investigaci\u00f3n, la creaci\u00f3n y una forma profundamente contempor\u00e1nea de entender este arte.<\/p>\n<p style=\"text-align: left\"><strong>Hoy, ese pensamiento se convierte en escuela encarnado en el disc\u00edpulo que eligi\u00f3 el maestro:\u00a0 <\/strong><strong>Juan Carlos Romero.<\/strong><\/p>\n<p style=\"text-align: left\"><strong>El Instituto Internacional de Guitarra Flamenca Manolo Sanl\u00facar<\/strong> nace para preservar, sistematizar, ense\u00f1ar y proyectar internacionalmente su legado, formando nuevas generaciones de guitarristas capaces de conocer la tradici\u00f3n, comprenderla y hacerla avanzar.<\/p>\n<p style=\"text-align: left\"><strong>Desde Sevilla al mundo.<\/strong><\/p>\n<p style=\"text-align: left\">Una formaci\u00f3n integral.<br \/>\nUn m\u00e9todo.<br \/>\nUna comunidad internacional.<br \/>\nUna manera de entender la guitarra.<\/p>\n<h4 style=\"text-align: left\"><strong>BIOGRAF\u00cdAS\u00a0<\/strong><\/h4>\n<figure id=\"attachment_83517\" aria-describedby=\"caption-attachment-83517\" style=\"width: 622px\" class=\"wp-caption alignleft\"><img decoding=\"async\" class=\"wp-image-83517 size-full\" src=\"https:\/\/expoflamenco.com\/agenda\/wp-content\/uploads\/sites\/22\/2026\/08\/manolo-sanlucar.webp\" alt=\"\" width=\"622\" height=\"470\" srcset=\"https:\/\/expoflamenco.com\/agenda\/wp-content\/uploads\/sites\/22\/2026\/08\/manolo-sanlucar.webp 622w, https:\/\/expoflamenco.com\/agenda\/wp-content\/uploads\/sites\/22\/2026\/08\/manolo-sanlucar-503x380.webp 503w\" sizes=\"(max-width: 622px) 100vw, 622px\" \/><figcaption id=\"caption-attachment-83517\" class=\"wp-caption-text\">Manolo Sanl\u00facar<\/figcaption><\/figure>\n<p style=\"text-align: left\"><strong>MANOLO SANL\u00daCAR<\/strong><\/p>\n<p style=\"text-align: left\"><strong>El Maestro. El origen.<\/strong><\/p>\n<p style=\"text-align: left\">Manolo Sanl\u00facar es una de las figuras esenciales de la historia de la guitarra flamenca y uno de los grandes renovadores de este arte.<\/p>\n<p style=\"text-align: left\">Guitarrista, compositor, investigador y pensador, dedic\u00f3 su vida a demostrar que el flamenco constituye un lenguaje musical de extraordinaria profundidad, capaz de dialogar con las grandes formas de la m\u00fasica universal sin renunciar a su identidad.<\/p>\n<p style=\"text-align: left\">Su trayectoria art\u00edstica abri\u00f3 caminos decisivos para la guitarra flamenca contempor\u00e1nea. Obras como \u201cTauromagia\u201d, \u201cMedea\u201d, \u201cSole\u00e1\u201d o \u201cAljibe\u201d reflejan una concepci\u00f3n en la que tradici\u00f3n, conocimiento y creaci\u00f3n forman parte de una misma b\u00fasqueda.<\/p>\n<p style=\"text-align: left\">Pero junto al int\u00e9rprete y al compositor existi\u00f3 siempre el maestro.<\/p>\n<p style=\"text-align: left\">Durante d\u00e9cadas, Manolo Sanl\u00facar investig\u00f3 los fundamentos musicales del flamenco y desarroll\u00f3 una profunda reflexi\u00f3n sobre su ense\u00f1anza, convencido de que la transmisi\u00f3n deb\u00eda ir mucho m\u00e1s all\u00e1 de la imitaci\u00f3n: hab\u00eda que comprender el lenguaje, su estructura, su historia, su est\u00e9tica y su raz\u00f3n musical.<\/p>\n<p style=\"text-align: left\">De ese pensamiento nace el Instituto que lleva su nombre.<\/p>\n<p style=\"text-align: left\">El Instituto Internacional de Guitarra Flamenca Manolo Sanl\u00facar convierte hoy ese legado art\u00edstico, intelectual y pedag\u00f3gico en un proyecto de formaci\u00f3n destinado a las nuevas generaciones.<\/p>\n<p style=\"text-align: left\">Manolo Sanl\u00facar no dej\u00f3 \u00fanicamente una obra, dej\u00f3 un camino.<\/p>\n<figure id=\"attachment_83516\" aria-describedby=\"caption-attachment-83516\" style=\"width: 446px\" class=\"wp-caption alignnone\"><img decoding=\"async\" class=\"wp-image-83516 size-full\" src=\"https:\/\/expoflamenco.com\/agenda\/wp-content\/uploads\/sites\/22\/2026\/08\/juan-carlos-romero-guitarrista.webp\" alt=\"\" width=\"446\" height=\"593\" srcset=\"https:\/\/expoflamenco.com\/agenda\/wp-content\/uploads\/sites\/22\/2026\/08\/juan-carlos-romero-guitarrista.webp 446w, https:\/\/expoflamenco.com\/agenda\/wp-content\/uploads\/sites\/22\/2026\/08\/juan-carlos-romero-guitarrista-286x380.webp 286w, https:\/\/expoflamenco.com\/agenda\/wp-content\/uploads\/sites\/22\/2026\/08\/juan-carlos-romero-guitarrista-429x570.webp 429w, https:\/\/expoflamenco.com\/agenda\/wp-content\/uploads\/sites\/22\/2026\/08\/juan-carlos-romero-guitarrista-300x400.webp 300w\" sizes=\"(max-width: 446px) 100vw, 446px\" \/><figcaption id=\"caption-attachment-83516\" class=\"wp-caption-text\">Juan Carlos Romero<\/figcaption><\/figure>\n<p style=\"text-align: left\"><strong>JUAN CARLOS ROMERO<\/strong><\/p>\n<p style=\"text-align: left\"><strong>Director Acad\u00e9mico y Art\u00edstico<\/strong><\/p>\n<p style=\"text-align: left\"><strong>Del legado al presente.<\/strong><\/p>\n<p style=\"text-align: left\">Guitarrista y compositor, Juan Carlos Romero <strong>es una de las figuras m\u00e1s reconocidas de la guitarra flamenca contempor\u00e1nea<\/strong> y ocupa una posici\u00f3n esencial para comprender el nacimiento y la raz\u00f3n de ser del Instituto Internacional de Guitarra Flamenca Manolo Sanl\u00facar.<\/p>\n<p style=\"text-align: left\">Su vinculaci\u00f3n con Manolo Sanl\u00facar fue mucho m\u00e1s all\u00e1 de una relaci\u00f3n profesional o acad\u00e9mica. Romero fue disc\u00edpulo, colaborador y compa\u00f1ero art\u00edstico del Maestro, compartiendo con \u00e9l a\u00f1os de aprendizaje, conciertos, giras, grabaciones y una intensa relaci\u00f3n en torno al conocimiento profundo de la guitarra y del flamenco.<\/p>\n<p style=\"text-align: left\">Pero existe un hecho especialmente trascendente para la historia del Instituto: Manolo Sanl\u00facar lo design\u00f3 directamente como heredero de su legado art\u00edstico.<\/p>\n<p style=\"text-align: left\">Esa voluntad del Maestro sit\u00faa hoy a Juan Carlos Romero ante una responsabilidad excepcional: custodiar, transmitir y desarrollar una concepci\u00f3n art\u00edstica, pedag\u00f3gica y filos\u00f3fica del flamenco que no pod\u00eda desaparecer con la ausencia de quien la cre\u00f3.<\/p>\n<p style=\"text-align: left\">Ah\u00ed se encuentra una de las claves fundamentales del Instituto.<\/p>\n<p style=\"text-align: left\"><strong>Manolo Sanl\u00facar representa el legado, Juan Carlos Romero garantiza su continuidad y lo proyecta hacia el futuro.<\/strong><\/p>\n<p style=\"text-align: left\">La relaci\u00f3n entre ambos expresa, adem\u00e1s, la esencia misma de cualquier gran instituci\u00f3n docente: el v\u00ednculo entre maestro y alumno, entre conocimiento recibido y conocimiento transmitido.<\/p>\n<p style=\"text-align: left\">Porque una tradici\u00f3n permanece viva cuando una generaci\u00f3n es capaz de entregarla a la siguiente.<\/p>\n<p style=\"text-align: left\">Juan Carlos Romero recibi\u00f3 directamente de Manolo Sanl\u00facar una manera de entender la guitarra que trasciende la t\u00e9cnica instrumental: el conocimiento de sus fundamentos musicales, su relaci\u00f3n con el cante y el baile, la comprensi\u00f3n de la tradici\u00f3n, la investigaci\u00f3n, la composici\u00f3n y, sobre todo, la necesidad de conocer profundamente el lenguaje flamenco para poder desarrollarlo con libertad.<\/p>\n<p style=\"text-align: left\">Como director Acad\u00e9mico y Art\u00edstico del Instituto Internacional de Guitarra Flamenca Manolo Sanl\u00facar, asume ahora la tarea de convertir ese patrimonio de conocimiento en un modelo formativo estructurado y transmisible a nuevas generaciones de guitarristas.<\/p>\n<p style=\"text-align: left\">Manolo Sanl\u00facar es irrepetible pero el Instituto es la garant\u00eda de la preservaci\u00f3n de todas los recursos y herramientas intelectuales, art\u00edsticas y musicales que<\/p>\n<p style=\"text-align: left\">Permitieron al maestro crear, investigar y crear un nuevo camino para la guitarra flamenca.<\/p>\n<p style=\"text-align: left\">Y esa transmisi\u00f3n encuentra en Juan Carlos Romero su principal v\u00ednculo humano y art\u00edstico.<\/p>\n<p style=\"text-align: left\">El propio Instituto recoge esta relaci\u00f3n entre maestro y disc\u00edpulo bajo un concepto especialmente significativo: \u00abLa antorcha del Maestro\u00bb.<\/p>\n<p style=\"text-align: left\"><a href=\"https:\/\/www.institutomanolosanlucar.es\/equipo\/la-antorcha-del-maestro\" target=\"_blank\" rel=\"noopener\">https:\/\/www.institutomanolosanlucar.es\/equipo\/la-antorcha-del-maestro<\/a><\/p>\n<p style=\"text-align: left\">Una imagen que resume la filosof\u00eda del proyecto: recibir un conocimiento no para conservarlo inm\u00f3vil, sino para asumir la responsabilidad de mantenerlo vivo y entregarlo a quienes vienen detr\u00e1s.<\/p>\n<p style=\"text-align: left\"><img decoding=\"async\" class=\"aligncenter size-full wp-image-83512\" src=\"https:\/\/expoflamenco.com\/agenda\/wp-content\/uploads\/sites\/22\/2026\/08\/creatividades_FEED_2.png\" alt=\"Black-and-white photo of guitarist Manolo Sanl\u00facar playing a classical guitar, with gold institute logos and Spanish tagline on a dark background.\" width=\"1080\" height=\"1350\" srcset=\"https:\/\/expoflamenco.com\/agenda\/wp-content\/uploads\/sites\/22\/2026\/08\/creatividades_FEED_2.png 1080w, https:\/\/expoflamenco.com\/agenda\/wp-content\/uploads\/sites\/22\/2026\/08\/creatividades_FEED_2-304x380.png 304w, https:\/\/expoflamenco.com\/agenda\/wp-content\/uploads\/sites\/22\/2026\/08\/creatividades_FEED_2-456x570.png 456w, https:\/\/expoflamenco.com\/agenda\/wp-content\/uploads\/sites\/22\/2026\/08\/creatividades_FEED_2-768x960.png 768w, https:\/\/expoflamenco.com\/agenda\/wp-content\/uploads\/sites\/22\/2026\/08\/creatividades_FEED_2-750x938.png 750w\" sizes=\"(max-width: 1080px) 100vw, 1080px\" \/><br \/>\n<strong>MANOLO SANL\u00daCAR, EL LEGADO.<\/strong><br \/>\n<strong>JUAN CARLOS ROMERO, LA CONTINUIDAD.<\/strong><br \/>\n<strong>LOS ALUMNOS, EL PRESENTE Y FUTURO.<\/strong><\/p>\n<p style=\"text-align: left\"><strong>JOS\u00c9 MART\u00cdNEZ TALAVERA. Presidente de la Fundaci\u00f3n Manolo Sanl\u00facar Visi\u00f3n<\/strong><\/p>\n<p style=\"text-align: left\">Presidente de la Fundaci\u00f3n Manolo Sanl\u00facar Visi\u00f3n, gesti\u00f3n y compromiso con el legado.<\/p>\n<p style=\"text-align: left\">Jos\u00e9 Mart\u00ednez Talavera es presidente de la Fundaci\u00f3n Manolo Sanl\u00facar y presidente y consejero delegado de Aura Seguros, entidad a la que ha estado vinculado profesionalmente durante cerca de cuatro d\u00e9cadas.<\/p>\n<p style=\"text-align: left\">Desde la presidencia de la Fundaci\u00f3n Manolo Sanl\u00facar impulsa una estrategia destinada a preservar, difundir y proyectar la obra, el pensamiento y la dimensi\u00f3n humana del Maestro a trav\u00e9s de iniciativas educativas, culturales y art\u00edsticas con vocaci\u00f3n de permanencia.<\/p>\n<p style=\"text-align: left\">Su visi\u00f3n sobre la Fundaci\u00f3n y el compromiso con el legado de Manolo Sanl\u00facar puede conocerse tambi\u00e9n a trav\u00e9s de la Carta del Presidente:<\/p>\n<p style=\"text-align: left\"><a href=\"https:\/\/www.fundacionmanolosanlucar.org\/fundacion\/carta-del-presidente\" target=\"_blank\" rel=\"noopener\">https:\/\/www.fundacionmanolosanlucar.org\/fundacion\/carta-del-presidente<\/a><\/p>\n<p style=\"text-align: left\">Su trayectoria se ha desarrollado fundamentalmente en el mundo de la empresa, ejerciendo responsabilidades de alta direcci\u00f3n y liderazgo corporativo. Una experiencia que ha trasladado tambi\u00e9n al \u00e1mbito cultural, convencido de que la preservaci\u00f3n de un gran legado art\u00edstico requiere, junto a la sensibilidad y al compromiso, capacidad de organizaci\u00f3n, planificaci\u00f3n y construcci\u00f3n de proyectos sostenibles en el tiempo.<\/p>\n<p style=\"text-align: left\">En ese recorrido ha resultado decisivo el compromiso de Aura Seguros, hasta el momento la \u00fanica entidad, p\u00fablica o privada, que presta soporte econ\u00f3mico estable a la Fundaci\u00f3n y, con ello, al conjunto de los proyectos que esta desarrolla.<\/p>\n<p style=\"text-align: left\">Entre esas iniciativas ocupa un lugar central el Instituto Internacional de Guitarra Flamenca Manolo Sanl\u00facar, concebido para transformar el pensamiento art\u00edstico y pedag\u00f3gico del Maestro en una realidad formativa contempor\u00e1nea, rigurosa y con vocaci\u00f3n internacional.<\/p>\n<p style=\"text-align: left\">El Instituto fue presentado p\u00fablicamente en Sevilla junto a su director acad\u00e9mico y art\u00edstico, Juan Carlos Romero, como un proyecto llamado a preservar y proyectar el pensamiento pedag\u00f3gico de Manolo Sanl\u00facar y a desarrollar una estructura de formaci\u00f3n con vocaci\u00f3n nacional e<\/p>\n<p style=\"text-align: left\">internacional:<\/p>\n<p style=\"text-align: left\"><a href=\"https:\/\/www.labienal.com\/noticias\/presentado-en-sevilla-el-instituto-internacional-de-la-guitarra-flamenca-manolo-sanlucar\" target=\"_blank\" rel=\"noopener\">https:\/\/www.labienal.com\/noticias\/presentado-en-sevilla-el-instituto-internacional-de-la-guitarra-flamenca-manolo-sanlucar<\/a><\/p>\n<p style=\"text-align: left\">Para Jos\u00e9 Mart\u00ednez Talavera, preservar un legado no significa \u00fanicamente conservarlo. Significa crear las condiciones necesarias para que pueda continuar creciendo, transmiti\u00e9ndose y generando oportunidades para las nuevas generaciones.<\/p>\n<p style=\"text-align: left\">De esa filosof\u00eda nace una manera de entender la Fundaci\u00f3n: unir cultura y gesti\u00f3n, memoria y futuro, compromiso y capacidad para hacer realidad los proyectos.<\/p>\n<p style=\"text-align: left\">Porque el mejor homenaje a un legado es conseguir que siga vivo.<\/p>\n<p style=\"text-align: left\">\n","protected":false,"gt_translate_keys":[{"key":"rendered","format":"html"}]},"excerpt":{"rendered":"<p>El legado de Manolo Sanl\u00facar se convierte en presente. Manolo Sanl\u00facar nos ense\u00f1\u00f3 el camino. con el guitarrista y compositor Juan Carlos romero seguimos recorri\u00e9ndolo. Instituto Internacional de Guitarra Flamenca Manolo Sanl\u00facar una iniciativa de la Fundaci\u00f3n Manolo Sanl\u00facar Bases e Inscripci\u00f3n Concepto\u00a0 Hay nombres que pertenecen a la historia. Y hay legados que siguen [&hellip;]<\/p>\n","protected":false,"gt_translate_keys":[{"key":"rendered","format":"html"}]},"author":56,"featured_media":83511,"comment_status":"open","ping_status":"open","sticky":false,"template":"","format":"standard","meta":{"_acf_changed":false,"pmpro_default_level":"","jnews-multi-image_gallery":[],"jnews_single_post":{"subtitle":"","format":"standard","featured_image_fetch_priority_high":"1","jnews_video_option_group":[[]],"override":[{"template":"3","parallax":"1","fullscreen":"1","layout":"right-sidebar","sidebar":"default-sidebar","main_content_tag":"div","second_sidebar":"default-sidebar","sticky_sidebar":"1","share_position":"bottom","share_float_style":"share-monocrhome","show_share_counter":"1","show_view_counter":"1","show_featured":"1","show_post_meta":"1","show_post_author_image":"1","post_date_format":"default","post_date_format_custom":"Y\/m\/d","show_post_category":"1","post_reading_time_wpm":"300","post_calculate_word_method":"str_word_count","zoom_button_out_step":"2","zoom_button_in_step":"3","show_post_tag":"1","show_popup_post":"1","number_popup_post":"1","show_post_related":"1"}],"image_override":[{"single_post_thumbnail_size":"crop-500","single_post_gallery_size":"crop-500"}],"trending_post_position":"meta","trending_post_label":"Trending","sponsored_post_label":"Sponsored by","disable_ad":"0"},"jnews_primary_category":[],"jnews_override_bookmark_settings":{"override_bookmark_button":"0","override_show_bookmark_button":"0"},"jnews_social_meta":[],"jnews_review":[],"enable_review":"","type":"percentage","name":"","summary":"","brand":"","sku":"","good":[],"bad":[],"score_override":"","override_value":"","rating":[],"price":[],"jnews_override_counter":{"view_counter_number":"0","share_counter_number":"0","like_counter_number":"0","dislike_counter_number":"0"},"jnews_post_split":{"post_split":[{"template":"1","tag":"h2","numbering":"asc","mode":"normal","first":"0","enable_toc":"0","toc_type":"normal"}]},"footnotes":""},"categories":[110,1341,324],"tags":[2238,2236,1602],"class_list":["post-83509","post","type-post","status-publish","format-standard","has-post-thumbnail","hentry","category-actualidad-agenda","category-cursos","category-guitarra","tag-curso-guitarra","tag-fundacion","tag-manolo-sanlucar","pmpro-has-access"],"acf":[],"gt_translate_keys":[{"key":"link","format":"url"}],"_links":{"self":[{"href":"https:\/\/expoflamenco.com\/agenda\/wp-json\/wp\/v2\/posts\/83509","targetHints":{"allow":["GET"]}}],"collection":[{"href":"https:\/\/expoflamenco.com\/agenda\/wp-json\/wp\/v2\/posts"}],"about":[{"href":"https:\/\/expoflamenco.com\/agenda\/wp-json\/wp\/v2\/types\/post"}],"author":[{"embeddable":true,"href":"https:\/\/expoflamenco.com\/agenda\/wp-json\/wp\/v2\/users\/56"}],"replies":[{"embeddable":true,"href":"https:\/\/expoflamenco.com\/agenda\/wp-json\/wp\/v2\/comments?post=83509"}],"version-history":[{"count":1,"href":"https:\/\/expoflamenco.com\/agenda\/wp-json\/wp\/v2\/posts\/83509\/revisions"}],"predecessor-version":[{"id":83519,"href":"https:\/\/expoflamenco.com\/agenda\/wp-json\/wp\/v2\/posts\/83509\/revisions\/83519"}],"wp:featuredmedia":[{"embeddable":true,"href":"https:\/\/expoflamenco.com\/agenda\/wp-json\/wp\/v2\/media\/83511"}],"wp:attachment":[{"href":"https:\/\/expoflamenco.com\/agenda\/wp-json\/wp\/v2\/media?parent=83509"}],"wp:term":[{"taxonomy":"category","embeddable":true,"href":"https:\/\/expoflamenco.com\/agenda\/wp-json\/wp\/v2\/categories?post=83509"},{"taxonomy":"post_tag","embeddable":true,"href":"https:\/\/expoflamenco.com\/agenda\/wp-json\/wp\/v2\/tags?post=83509"}],"curies":[{"name":"wp","href":"https:\/\/api.w.org\/{rel}","templated":true}]}}