{"id":82475,"date":"2026-04-29T13:20:59","date_gmt":"2026-04-29T11:20:59","guid":{"rendered":"https:\/\/expoflamenco.com\/agenda\/?p=82475"},"modified":"2026-04-29T13:28:46","modified_gmt":"2026-04-29T11:28:46","slug":"30o-aniversario-de-omega","status":"publish","type":"post","link":"https:\/\/expoflamenco.com\/agenda\/30o-aniversario-de-omega\/","title":{"rendered":"30\u00ba ANIVERSARIO DE OMEGA","gt_translate_keys":[{"key":"rendered","format":"text"}]},"content":{"rendered":"<p><strong>La uni\u00f3n del cantaor, hijo del creador del proyecto Enrique Morente, y la banda granadina recrea en directo uno de los discos b\u00e1sicos de la historia musical espa\u00f1ola.<\/strong><\/p>\n<p>La gira pasar\u00e1 por Madrid (Noches del Bot\u00e1nico, 3 de junio, sold out), C\u00f3rdoba (11 de julio),\u00a0 Marbella (15 de agosto, Festival Starlite) y Barcelona (Festival Jazz Barcelona, 30 de octubre).<\/p>\n<p><a class=\"btn btn-default\" href=\"https:\/\/expoflamenco.com\/agenda\/eventos\/30o-aniversario-de-omega\/\">Ver Programaci\u00f3n<\/a><\/p>\n<p>Madrid, 16 de marzo de 2026.\u00a0<em>Omega<\/em>, el legendario disco que marc\u00f3 un antes y un despu\u00e9s en la m\u00fasica espa\u00f1ola, cumple 30 a\u00f1os. El trabajo surgido de las mentes visionarias de Enrique Morente y Lagartija Nick se public\u00f3 en diciembre de 1996, dando comienzo a un mito y abriendo un camino nuevo. La uni\u00f3n de flamenco y rock, de tradici\u00f3n y experimentaci\u00f3n, de los poemas de Lorca con Leonard Cohen, fue uno de esos hitos que gran parte del p\u00fablico tarda en comprender. Ignorado e infravalorado por algunos, tiempo despu\u00e9s fue reconocido como un paso adelante y una obra adelantada a su tiempo. Para celebrar las tres d\u00e9cadas de ese \u00e1lbum,\u00a0<em>Omega<\/em>\u00a0vuelve a los escenarios de la mano de sus cocreadores, Lagartija Nick, y del mejor disc\u00edpulo posible del desaparecido Enrique Morente, su hijo Kiki Morente.<\/p>\n<p>Omega 30 aniversario funde de nuevo lo tradicional y lo vanguardista, lo antiguo y lo nuevo, en esta uni\u00f3n de la juventud de Kiki Morente y la veteran\u00eda de Lagartija Nick. Un regreso a los escenarios en los que se revisa el disco casi al completo y se ampl\u00eda con canciones que quedaron fuera del \u00e1lbum en su momento. Una revisi\u00f3n desde la esencia y conservando el mismo car\u00e1cter rupturista y arriesgado del original.<\/p>\n<p><strong>ELENCO ART\u00cdSTICO\u00a0<\/strong><\/p>\n<p>Voz principal: Kiki Morente<\/p>\n<p>Lagartija Nick:<\/p>\n<p>Voz y bajo: Antonio Arias<\/p>\n<p>Guitarra y voces: Juan Codorn\u00edu<\/p>\n<p>Bater\u00eda: Eric Jim\u00e9nez<\/p>\n<p>Teclados: Juan Jos\u00e9 Machuca<\/p>\n<p>Bailaor especial invitado.<\/p>\n<p>Guitarra flamenca: Marcos Gago + II guitarra<\/p>\n<p>Percusi\u00f3n: Popo Gabarre y Curro Conde<\/p>\n<p>Coros y palmas: Dani Bonilla, Noemi Humanes, Antonio Carbonell y Aroa Palomo<\/p>\n<hr \/>\n<p style=\"text-align: left\"><strong><em>\u00bfQuieres que tu evento aparezca en nuestra agenda?<\/em><\/strong><br \/>\n<strong><em>Es totalmente gratuito: Env\u00edanos la informaci\u00f3n lo m\u00e1s completa posible y subiremos conforme relevancia y nuestra disponibilidad.<\/em><\/strong><\/p>\n<p style=\"text-align: left\"><strong><em>Y si quieres anunciarte con nosotros, tenemos muchas opciones.<\/em><\/strong><\/p>\n<p style=\"text-align: left\"><strong><em>Env\u00edanos un mensaje a agenda@expoflamenco.com.<\/em><\/strong><\/p>\n","protected":false,"gt_translate_keys":[{"key":"rendered","format":"html"}]},"excerpt":{"rendered":"<p>La uni\u00f3n del cantaor, hijo del creador del proyecto Enrique Morente, y la banda granadina recrea en directo uno de los discos b\u00e1sicos de la historia musical espa\u00f1ola. La gira pasar\u00e1 por Madrid (Noches del Bot\u00e1nico, 3 de junio, sold out), C\u00f3rdoba (11 de julio),\u00a0 Marbella (15 de agosto, Festival Starlite) y Barcelona (Festival Jazz [&hellip;]<\/p>\n","protected":false,"gt_translate_keys":[{"key":"rendered","format":"html"}]},"author":56,"featured_media":82474,"comment_status":"open","ping_status":"open","sticky":false,"template":"","format":"standard","meta":{"_acf_changed":false,"pmpro_default_level":"","jnews-multi-image_gallery":[],"jnews_single_post":{"format":"standard","jnews_video_option_group":[[]],"override":[{"template":"3","parallax":"1","fullscreen":"1","layout":"right-sidebar","sidebar":"default-sidebar","second_sidebar":"default-sidebar","sticky_sidebar":"1","share_position":"bottom","share_float_style":"share-monocrhome","show_share_counter":"1","show_view_counter":"1","show_featured":"1","show_post_meta":"1","show_post_author_image":"1","show_post_date":"1","post_date_format":"default","post_date_format_custom":"Y\/m\/d","show_post_category":"1","show_post_reading_time":"1","post_reading_time_wpm":"300","post_calculate_word_method":"str_word_count","zoom_button_out_step":"2","zoom_button_in_step":"3","show_post_tag":"1","show_popup_post":"1","show_comment_section":"1","number_popup_post":"1","show_post_related":"1"}],"image_override":[{"single_post_thumbnail_size":"crop-500","single_post_gallery_size":"crop-500"}],"trending_post_position":"meta","trending_post_label":"Trending","sponsored_post_label":"Sponsored by","disable_ad":"0","subtitle":"KIKI MORENTE Y LAGARTIJA NICK DEVUELVEN A LOS ESCENARIOS EL HIST\u00d3RICO DISCO QUE UNI\u00d3 FLAMENCO, ROCK Y EXPERIMENTACI\u00d3N"},"jnews_primary_category":[],"jnews_override_bookmark_settings":{"override_bookmark_button":"0","override_show_bookmark_button":"0"},"jnews_social_meta":[],"jnews_review":[],"enable_review":"","type":"percentage","name":"","summary":"","brand":"","sku":"","good":[],"bad":[],"score_override":"","override_value":"","rating":[],"price":[],"jnews_override_counter":{"view_counter_number":"0","share_counter_number":"0","like_counter_number":"0","dislike_counter_number":"0"},"jnews_post_split":{"post_split":[{"template":"1","tag":"h2","numbering":"asc","mode":"normal","first":"0","enable_toc":"0","toc_type":"normal"}]},"footnotes":""},"categories":[110,325,1],"tags":[2073,834,2074,2072],"class_list":["post-82475","post","type-post","status-publish","format-standard","has-post-thumbnail","hentry","category-actualidad-agenda","category-cante","category-concierto","tag-enrique-morente","tag-homenaje","tag-omega","tag-omega-morente","pmpro-has-access"],"acf":[],"aioseo_notices":[],"gt_translate_keys":[{"key":"link","format":"url"}],"_links":{"self":[{"href":"https:\/\/expoflamenco.com\/agenda\/wp-json\/wp\/v2\/posts\/82475","targetHints":{"allow":["GET"]}}],"collection":[{"href":"https:\/\/expoflamenco.com\/agenda\/wp-json\/wp\/v2\/posts"}],"about":[{"href":"https:\/\/expoflamenco.com\/agenda\/wp-json\/wp\/v2\/types\/post"}],"author":[{"embeddable":true,"href":"https:\/\/expoflamenco.com\/agenda\/wp-json\/wp\/v2\/users\/56"}],"replies":[{"embeddable":true,"href":"https:\/\/expoflamenco.com\/agenda\/wp-json\/wp\/v2\/comments?post=82475"}],"version-history":[{"count":2,"href":"https:\/\/expoflamenco.com\/agenda\/wp-json\/wp\/v2\/posts\/82475\/revisions"}],"predecessor-version":[{"id":82479,"href":"https:\/\/expoflamenco.com\/agenda\/wp-json\/wp\/v2\/posts\/82475\/revisions\/82479"}],"wp:featuredmedia":[{"embeddable":true,"href":"https:\/\/expoflamenco.com\/agenda\/wp-json\/wp\/v2\/media\/82474"}],"wp:attachment":[{"href":"https:\/\/expoflamenco.com\/agenda\/wp-json\/wp\/v2\/media?parent=82475"}],"wp:term":[{"taxonomy":"category","embeddable":true,"href":"https:\/\/expoflamenco.com\/agenda\/wp-json\/wp\/v2\/categories?post=82475"},{"taxonomy":"post_tag","embeddable":true,"href":"https:\/\/expoflamenco.com\/agenda\/wp-json\/wp\/v2\/tags?post=82475"}],"curies":[{"name":"wp","href":"https:\/\/api.w.org\/{rel}","templated":true}]}}