{"id":82444,"date":"2026-04-27T11:45:38","date_gmt":"2026-04-27T09:45:38","guid":{"rendered":"https:\/\/expoflamenco.com\/agenda\/?p=82444"},"modified":"2026-04-27T11:49:32","modified_gmt":"2026-04-27T09:49:32","slug":"la-once-convoca-su-x-bienal-flamenca","status":"publish","type":"post","link":"https:\/\/expoflamenco.com\/agenda\/la-once-convoca-su-x-bienal-flamenca\/","title":{"rendered":"La ONCE convoca su X Bienal Flamenca","gt_translate_keys":[{"key":"rendered","format":"text"}]},"content":{"rendered":"<p class=\"wp-block-heading has-text-align-center has-medium-font-size\" style=\"text-align: left\"><strong>Premiar\u00e1 a los j\u00f3venes valores al cante y al toque y distingue a un artista con discapacidad | El plazo de candidaturas se mantendr\u00e1 abierto hasta el 15 de junio y la gala de entrega de premios tendr\u00e1 lugar en el Teatro Isabel la Cat\u00f3lica el 15 de octubre<\/strong><\/p>\n<p style=\"text-align: left\"><a class=\"btn btn-default\" href=\"https:\/\/expoflamenco.com\/agenda\/eventos\/inscripciones-premio-jovenes-valores-once-andalucia\/\">Ver Bases e Inscripci\u00f3n<\/a><\/p>\n<p class=\"has-text-align-left\" style=\"text-align: left\">La Delegaci\u00f3n Territorial de la <a href=\"https:\/\/www.once.es\/\">ONCE<\/a> en Andaluc\u00eda, Ceuta y Melilla ha convocado su X Bienal Flamenca que premiar\u00e1 a los j\u00f3venes valores al cante y al toque y distinguir\u00e1 a un artista con discapacidad en la gala que celebrar\u00e1 el 15 de octubre en el Teatro Isabel la Cat\u00f3lica de Granada. Desde 2006, la ONCE celebra siempre en Granada su Bienal Flamenca reivindicando el flamenco como identidad de Andaluc\u00eda y como instrumento de inclusi\u00f3n de las personas con discapacidad en la sociedad. En la Bienal pueden participar los artistas flamencos, en la modalidad de cante o toque, menores de 35 a\u00f1os (nacidos despu\u00e9s del 2 de febrero de 1987). Para los artistas con discapacidad, no existe l\u00edmite de edad, aunque deben acreditar su certificado de discapacidad.<\/p>\n<p class=\"has-text-align-left\" style=\"text-align: left\">El concurso establece un premio de\u00a0<strong>2.011 euros<\/strong>\u00a0para las modalidades de\u00a0<strong>cante, guitarra y artista con discapacidad<\/strong> en la categor\u00eda de cante o de guitarra. El plazo de presentaci\u00f3n de candidaturas para participar en esta edici\u00f3n de la Bienal Flamenca arranca hoy 2 de febrero y se mantendr\u00e1 abierto hasta las 14:00 horas del lunes 15 de junio.<\/p>\n<p class=\"has-text-align-left\" style=\"text-align: left\">En la categor\u00eda de cante deber\u00e1n interpretar al menos tres cantes, uno por \u2018grana\u00edna y media grana\u00edna\u2019, uno cl\u00e1sico (seguiriyas, sole\u00e1s, cabales, serranas, livianas, ton\u00e1s, martinetes, deblas, ca\u00f1as o polos) y otro de libre elecci\u00f3n. En la modalidad de toque deber\u00e1n presentar dos, un \u2018solo\u2019 de guitarra y un acompa\u00f1amiento al cante, a elegir.<\/p>\n<div class=\"mceTemp\" style=\"text-align: left\"><\/div>\n<figure id=\"attachment_82449\" aria-describedby=\"caption-attachment-82449\" style=\"width: 1024px\" class=\"wp-caption aligncenter\"><img decoding=\"async\" class=\"size-full wp-image-82449\" src=\"https:\/\/expoflamenco.com\/agenda\/wp-content\/uploads\/sites\/22\/2026\/04\/x-bienal-once-foto.webp\" alt=\"\" width=\"1024\" height=\"682\" srcset=\"https:\/\/expoflamenco.com\/agenda\/wp-content\/uploads\/sites\/22\/2026\/04\/x-bienal-once-foto.webp 1024w, https:\/\/expoflamenco.com\/agenda\/wp-content\/uploads\/sites\/22\/2026\/04\/x-bienal-once-foto-571x380.webp 571w, https:\/\/expoflamenco.com\/agenda\/wp-content\/uploads\/sites\/22\/2026\/04\/x-bienal-once-foto-856x570.webp 856w, https:\/\/expoflamenco.com\/agenda\/wp-content\/uploads\/sites\/22\/2026\/04\/x-bienal-once-foto-768x512.webp 768w, https:\/\/expoflamenco.com\/agenda\/wp-content\/uploads\/sites\/22\/2026\/04\/x-bienal-once-foto-391x260.webp 391w, https:\/\/expoflamenco.com\/agenda\/wp-content\/uploads\/sites\/22\/2026\/04\/x-bienal-once-foto-750x500.webp 750w\" sizes=\"(max-width: 1024px) 100vw, 1024px\" \/><figcaption id=\"caption-attachment-82449\" class=\"wp-caption-text\">Foto de familia de la entrega de premios en la Bienal de 2024<br \/>&#8211; Foto de la web de Grupo social ONCE<\/figcaption><\/figure>\n<p class=\"has-text-align-left\" style=\"text-align: left\">El jurado, presidido por el delegado territorial de la ONCE en Andaluc\u00eda, Ceuta y Melilla, Crist\u00f3bal Mart\u00ednez, estar\u00e1 compuesto por siete miembros y contar\u00e1 con personas de reconocido prestigio en el mundo del flamenco tanto en la modalidad de cante como en la de guitarra, as\u00ed como de los medios de comunicaci\u00f3n que est\u00e9n vinculados al \u00e1mbito del flamenco. El jurado se reunir\u00e1 antes del 15 de julio y su fallo ser\u00e1 inapelable.<\/p>\n<p class=\"has-text-align-left\" style=\"text-align: left\">En su \u00faltima edici\u00f3n, en 2024 este certamen distingui\u00f3 a la cantaora de Linares Alba Martos, al guitarrista granadino Pablo Campos y al guitarrista de Arjona (Ja\u00e9n) como artista con discapacidad y rindi\u00f3 homenaje al Ballet Flamenco de Andaluc\u00eda en su 30 Aniversario y a la pe\u00f1a flamenca La Plater\u00eda en su 75 Aniversario.<\/p>\n<p class=\"has-text-align-left\" style=\"text-align: left\">La ONCE organiza su Bienal Flamenca coincidiendo con los a\u00f1os de celebraci\u00f3n de la Bienal de Flamenco de Sevilla en colaboraci\u00f3n con la Consejer\u00eda de Cultura de la Junta de Andaluc\u00eda, a trav\u00e9s del Instituto Andaluz del Flamenco, y del Ayuntamiento de Granada.<\/p>\n<p class=\"has-text-align-left\" style=\"text-align: left\">Las bases completas del Concurso se pueden consultar en la Web de la Asociaci\u00f3n Cultural de Personas Ciegas de Andaluc\u00eda (AACUC): <a href=\"https:\/\/www.aacuc.es\/bases-de-concursos\/\">https:\/\/www.aacuc.es\/bases-de-concursos\/<\/a><\/p>\n<figure id=\"attachment_82448\" aria-describedby=\"caption-attachment-82448\" style=\"width: 600px\" class=\"wp-caption aligncenter\"><img decoding=\"async\" class=\"size-full wp-image-82448\" src=\"https:\/\/expoflamenco.com\/agenda\/wp-content\/uploads\/sites\/22\/2026\/04\/bienal-flamenco-once-2026.webp\" alt=\"\" width=\"600\" height=\"561\" srcset=\"https:\/\/expoflamenco.com\/agenda\/wp-content\/uploads\/sites\/22\/2026\/04\/bienal-flamenco-once-2026.webp 600w, https:\/\/expoflamenco.com\/agenda\/wp-content\/uploads\/sites\/22\/2026\/04\/bienal-flamenco-once-2026-406x380.webp 406w\" sizes=\"(max-width: 600px) 100vw, 600px\" \/><figcaption id=\"caption-attachment-82448\" class=\"wp-caption-text\">X Bienal Flamenco ONCE 2026<\/figcaption><\/figure>\n<hr \/>\n<p style=\"text-align: left\"><em>\u00bfQuieres que tu evento aparezca en nuestra agenda?<\/em><br \/>\n<em>Es totalmente gratuito: Env\u00edanos la informaci\u00f3n lo m\u00e1s completa posible y subiremos conforme relevancia y nuestra disponibilidad.<\/em><\/p>\n<p style=\"text-align: left\"><em>Y si quieres anunciarte con nosotros, tenemos muchas opciones.<\/em><\/p>\n<p style=\"text-align: left\"><em>Env\u00edanos un mensaje a agenda@expoflamenco.com.<\/em><\/p>\n","protected":false,"gt_translate_keys":[{"key":"rendered","format":"html"}]},"excerpt":{"rendered":"<p>Premiar\u00e1 a los j\u00f3venes valores al cante y al toque y distingue a un artista con discapacidad | El plazo de candidaturas se mantendr\u00e1 abierto hasta el 15 de junio y la gala de entrega de premios tendr\u00e1 lugar en el Teatro Isabel la Cat\u00f3lica el 15 de octubre Ver Bases e Inscripci\u00f3n La Delegaci\u00f3n [&hellip;]<\/p>\n","protected":false,"gt_translate_keys":[{"key":"rendered","format":"html"}]},"author":56,"featured_media":82447,"comment_status":"open","ping_status":"open","sticky":false,"template":"","format":"standard","meta":{"_acf_changed":false,"pmpro_default_level":"","jnews-multi-image_gallery":[],"jnews_single_post":{"format":"standard","jnews_video_option_group":[[]],"override":[{"template":"3","parallax":"1","fullscreen":"1","layout":"right-sidebar","sidebar":"default-sidebar","second_sidebar":"default-sidebar","sticky_sidebar":"1","share_position":"bottom","share_float_style":"share-monocrhome","show_share_counter":"1","show_view_counter":"1","show_featured":"1","show_post_meta":"1","show_post_author_image":"1","show_post_date":"1","post_date_format":"default","post_date_format_custom":"Y\/m\/d","show_post_category":"1","show_post_reading_time":"1","post_reading_time_wpm":"300","post_calculate_word_method":"str_word_count","zoom_button_out_step":"2","zoom_button_in_step":"3","show_post_tag":"1","show_popup_post":"1","show_comment_section":"1","number_popup_post":"1","show_post_related":"1"}],"image_override":[{"single_post_thumbnail_size":"crop-500","single_post_gallery_size":"crop-500"}],"trending_post_position":"meta","trending_post_label":"Trending","sponsored_post_label":"Sponsored by","disable_ad":"0","subtitle":"Hasta dia 15 de Junio 2026"},"jnews_primary_category":[],"jnews_override_bookmark_settings":{"override_bookmark_button":"0","override_show_bookmark_button":"0"},"jnews_social_meta":[],"jnews_review":[],"enable_review":"","type":"percentage","name":"","summary":"","brand":"","sku":"","good":[],"bad":[],"score_override":"","override_value":"","rating":[],"price":[],"jnews_override_counter":{"view_counter_number":"0","share_counter_number":"0","like_counter_number":"0","dislike_counter_number":"0"},"jnews_post_split":{"post_split":[{"template":"1","tag":"h2","numbering":"asc","mode":"normal","first":"0","enable_toc":"0","toc_type":"normal"}]},"footnotes":""},"categories":[110,325,326,324],"tags":[2064,411,2062],"class_list":["post-82444","post","type-post","status-publish","format-standard","has-post-thumbnail","hentry","category-actualidad-agenda","category-cante","category-concursos","category-guitarra","tag-bienal-once","tag-concurso","tag-once","pmpro-has-access"],"acf":[],"aioseo_notices":[],"gt_translate_keys":[{"key":"link","format":"url"}],"_links":{"self":[{"href":"https:\/\/expoflamenco.com\/agenda\/wp-json\/wp\/v2\/posts\/82444","targetHints":{"allow":["GET"]}}],"collection":[{"href":"https:\/\/expoflamenco.com\/agenda\/wp-json\/wp\/v2\/posts"}],"about":[{"href":"https:\/\/expoflamenco.com\/agenda\/wp-json\/wp\/v2\/types\/post"}],"author":[{"embeddable":true,"href":"https:\/\/expoflamenco.com\/agenda\/wp-json\/wp\/v2\/users\/56"}],"replies":[{"embeddable":true,"href":"https:\/\/expoflamenco.com\/agenda\/wp-json\/wp\/v2\/comments?post=82444"}],"version-history":[{"count":2,"href":"https:\/\/expoflamenco.com\/agenda\/wp-json\/wp\/v2\/posts\/82444\/revisions"}],"predecessor-version":[{"id":82453,"href":"https:\/\/expoflamenco.com\/agenda\/wp-json\/wp\/v2\/posts\/82444\/revisions\/82453"}],"wp:featuredmedia":[{"embeddable":true,"href":"https:\/\/expoflamenco.com\/agenda\/wp-json\/wp\/v2\/media\/82447"}],"wp:attachment":[{"href":"https:\/\/expoflamenco.com\/agenda\/wp-json\/wp\/v2\/media?parent=82444"}],"wp:term":[{"taxonomy":"category","embeddable":true,"href":"https:\/\/expoflamenco.com\/agenda\/wp-json\/wp\/v2\/categories?post=82444"},{"taxonomy":"post_tag","embeddable":true,"href":"https:\/\/expoflamenco.com\/agenda\/wp-json\/wp\/v2\/tags?post=82444"}],"curies":[{"name":"wp","href":"https:\/\/api.w.org\/{rel}","templated":true}]}}