{"id":82055,"date":"2026-04-10T11:18:12","date_gmt":"2026-04-10T09:18:12","guid":{"rendered":"https:\/\/expoflamenco.com\/agenda\/?p=82055"},"modified":"2026-04-17T12:24:30","modified_gmt":"2026-04-17T10:24:30","slug":"espacio-cultural-expoflamenco-marzo","status":"publish","type":"post","link":"https:\/\/expoflamenco.com\/agenda\/espacio-cultural-expoflamenco-marzo\/","title":{"rendered":"Espacio Cultural Expoflamenco &#8211; Abril","gt_translate_keys":[{"key":"rendered","format":"text"}]},"content":{"rendered":"<div class=\"article-content\">\r\n<div class=\"span12 modern_style\">\r\n<div class=\"rt-headline\">\r\n<h1 style=\"text-align: center\"><strong><img decoding=\"async\" src=\"https:\/\/expoflamenco.b-cdn.net\/wp-content\/uploads\/2024\/08\/logo-web-expoflamenco-1.png\" alt=\"expoflamenco\" \/><\/strong><\/h1>\r\n<h3 style=\"text-align: center\"><strong>ESPACIO CULTURAL EXPOFLAMENCO<\/strong><\/h3>\r\n<div class=\"wDYxhc\" role=\"presentation\" data-attrid=\"kc:\/location\/location:address\" data-md=\"1002\" data-hveid=\"CCMQAA\" data-ved=\"2ahUKEwip5emui4uSAxW3AfsDHWSXDs8QkCl6BAgjEAA\">\r\n<div class=\"Z1hOCe\">\r\n<div class=\"zloOqf PZPZlf\" style=\"text-align: center\" data-dtype=\"d3ifr\" data-local-attribute=\"d3adr\" data-mid=\"\/g\/11fph8l8gm\" data-ved=\"2ahUKEwip5emui4uSAxW3AfsDHWSXDs8QghwoAHoECCMQAQ\">\r\n\r\n<span class=\"w8qArf FoJoyf\"><a class=\"fl\" href=\"https:\/\/www.google.com\/search?sca_esv=b9266a0addfdcf78&amp;rlz=1C1AVFC_enES1097ES1114&amp;q=expoflamenco+direcci%C3%B3n&amp;ludocid=1346262559833438328&amp;sa=X&amp;ved=2ahUKEwip5emui4uSAxW3AfsDHWSXDs8Q6BN6BAgjEAI\" data-ved=\"2ahUKEwip5emui4uSAxW3AfsDHWSXDs8Q6BN6BAgjEAI\">Direcci\u00f3n<\/a>: <\/span><a href=\"https:\/\/www.google.com\/maps\/place\/\/data=!4m2!3m1!1s0xd0dc700043206ef:0x12aee2aa5547b878?sa=X&amp;ved=1t:8290&amp;ictx=111\" data-url=\"\/maps\/place\/\/data=!4m2!3m1!1s0xd0dc700043206ef:0x12aee2aa5547b878?sa=X&amp;ved=2ahUKEwip5emui4uSAxW3AfsDHWSXDs8Q4kB6BAgSEAA\">Edificio Los Ramos, Calle Diego Fern\u00e1ndez Herrera, 11401<\/a>\r\n<div class=\"M2Cv8e hP3ybd\">\r\n<div class=\"gqkR3b hP3ybd\"><a href=\"https:\/\/www.google.com\/maps\/place\/\/data=!4m2!3m1!1s0xd0dc700043206ef:0x12aee2aa5547b878?sa=X&amp;ved=1t:8290&amp;ictx=111\" data-url=\"\/maps\/place\/\/data=!4m2!3m1!1s0xd0dc700043206ef:0x12aee2aa5547b878?sa=X&amp;ved=2ahUKEwip5emui4uSAxW3AfsDHWSXDs8Q4kB6BAgSEAA\">Jerez de la Frontera, C\u00e1diz<\/a><\/div>\r\n<\/div>\r\n<\/div>\r\n<\/div>\r\n<\/div>\r\n<div class=\"wDYxhc\" role=\"presentation\" data-attrid=\"kc:\/local:alt phone\" data-md=\"1006\" data-hveid=\"CCkQAA\" data-ved=\"2ahUKEwip5emui4uSAxW3AfsDHWSXDs8QkCl6BAgpEAA\">\r\n<div class=\"Z1hOCe\">\r\n<div class=\"zloOqf PZPZlf\" style=\"text-align: center\" data-dtype=\"d3ifr\" data-local-attribute=\"d3ph\" data-ved=\"2ahUKEwip5emui4uSAxW3AfsDHWSXDs8Q8I0BKAB6BAgpEAE\"><span class=\"w8qArf FoJoyf\">Tel\u00e9fono:\u00a0<\/span><span class=\"LrzXr zdqRlf kno-fv\"><a href=\"https:\/\/www.google.com\/search?gs_ssp=eJzj4tVP1zc0TCvIsMixSM81YLRSMahIMUhJNjcwMDAxNjIwS02zMqgwNEpMTTVKTDQ1NTFPsjC38BJKrSjIT8tJzE3NS85XyEotSq0CAABxFi8&amp;q=expoflamenco+jerez&amp;rlz=1C1AVFC_enES1097ES1114&amp;oq=expoflamenco&amp;gs_lcrp=EgZjaHJvbWUqEAgCEC4YrwEYxwEYgAQYjgUyBggAEEUYPDIJCAEQRRg5GIAEMhAIAhAuGK8BGMcBGIAEGI4FMgcIAxAAGIAEMgYIBBBFGDwyBggFEEUYQTIGCAYQRRg8MgYIBxBFGDzSAQg2NTI1ajBqN6gCCLACAfEF8izYYOCsOuk&amp;sourceid=chrome&amp;ie=UTF-8#\" data-dtype=\"d3ph\" data-local-attribute=\"d3ph\" data-ved=\"2ahUKEwip5emui4uSAxW3AfsDHWSXDs8QkAgoAHoECCkQAg\"><span aria-label=\"Llamar al n\u00famero de tel\u00e9fono 673 65 10 42\">673 65 10 42<\/span><\/a><\/span><\/div>\r\n<div style=\"text-align: center\" data-dtype=\"d3ifr\" data-local-attribute=\"d3ph\" data-ved=\"2ahUKEwip5emui4uSAxW3AfsDHWSXDs8Q8I0BKAB6BAgpEAE\"><a class=\"btn btn-default\" href=\"https:\/\/expoflamenco.com\/espacio\/\">Espacio Cultural Expo<\/a><\/div>\r\n<div data-dtype=\"d3ifr\" data-local-attribute=\"d3ph\" data-ved=\"2ahUKEwip5emui4uSAxW3AfsDHWSXDs8Q8I0BKAB6BAgpEAE\">\r\n\r\n<hr \/>\r\n\r\n<\/div>\r\n<\/div>\r\n<\/div>\r\n<\/div>\r\n<\/div>\r\n<\/div>\r\nEn esta quincena abrile\u00f1a, tan bonita en Andaluc\u00eda por los cuatro costados, estamos de estreno. El pr\u00f3ximo 16 de abril dar\u00e1 comienzo la primera sesi\u00f3n del Club del Vinilo Expoflamenco. Una experiencia cultural nacida y compartida para el estudio. Pero hay mucho m\u00e1s, como nuestros encuentros y entrevistas con distintos int\u00e9rpretes del flamenco.\r\n\r\n<a class=\"btn btn-default\" href=\"https:\/\/expoflamenco.com\/agenda\/eventos\/espacio-cultural-expoflamenco-programacion\/\">Ver Programaci\u00f3n<\/a>\r\n\r\n&nbsp;\r\n<p style=\"text-align: left\"><strong>Jueves 16 de abril a las 20,00 horas,\u00a0<\/strong><\/p>\r\n<p style=\"text-align: left\">se va a inaugurar una nueva iniciativa de nuestro Espacio y que se va a denominar\u00a0<strong>\u2018Club del Vinilo Expoflamenco\u2019<\/strong>, como se ha mencionado. Nacido para disfrutar, analizar y estudiar discos de 33 rpm (principalmente) con Jos\u00e9 Mar\u00eda Casta\u00f1o, coordinador de nuestro Espacio. Comenzaremos pinchando la cara A del vinilo\u00a0<strong>\u2018Colores Morenos\u2019 de Juan Moneo \u2018El Torta\u2019 con Mora\u00edto\u00a0<\/strong>en una primera sesi\u00f3n. Pertenecer al Club es muy f\u00e1cil, s\u00f3lo se requiere suscripci\u00f3n gratuita a nuestra plataforma. Vinilos y vinitos.<\/p>\r\n<p style=\"text-align: left\"><strong>Martes 21 de abril, a las 12,00 horas.\u00a0<\/strong><\/p>\r\n<p style=\"text-align: left\">Encuentro online con\u00a0<strong>Pablo Mart\u00edn Caminero (contrabajo) y David Carpio (cantaor).\u00a0<\/strong>El disco que han grabado juntos, \u2018Al cante\u2019, ha sido premiado por los<strong>\u00a0Premios de la M\u00fasica Independiente (MIN),<\/strong>\u00a0obteniendo el galard\u00f3n de la Fundaci\u00f3n Sgae al mejor \u00e1lbum de jazz en su edici\u00f3n de 2026. Un trabajo con un claro sabor flamenco del que conoceremos sus claves esenciales de manos de sus protagonistas.<\/p>\r\n<p style=\"text-align: left\"><strong>Jueves 22 de abril, a las 18,00 horas.\u00a0<\/strong><\/p>\r\n<p style=\"text-align: left\">Entrevista con la\u00a0<strong>cantaora cordobesa Paqui Redondo<\/strong>\u00a0quien est\u00e1 presentando su primer trabajo en solitario con el sugerente t\u00edtulo de \u2018La luz de mi esperanza\u2019.\u00a0Un\u00a0disco que ha contado con la inestimable colaboraci\u00f3n y producci\u00f3n del guitarrista\u00a0<strong>Luis Calderito\u00a0<\/strong>y la percusi\u00f3n de Daniel \u2018Mawe\u2019. Con Paqui conversaremos en profundidad del itinerario creativo de su \u00f3pera prima. (Pre \u2013 grabada)<\/p>\r\n\r\n<div class=\"wp-block-image\" style=\"text-align: left\">\r\n<figure class=\"aligncenter size-full is-resized\"><img decoding=\"async\" class=\"wp-image-71257\" src=\"https:\/\/expoflamenco.com\/espacio\/wp-content\/uploads\/sites\/25\/2026\/04\/%E2%80%98Sonando-flamenco-5.jpg\" srcset=\"https:\/\/expoflamenco.com\/espacio\/wp-content\/uploads\/sites\/25\/2026\/04\/\u2018Sonando-flamenco-5.jpg 1600w, https:\/\/expoflamenco.com\/espacio\/wp-content\/uploads\/sites\/25\/2026\/04\/\u2018Sonando-flamenco-5-300x169.jpg 300w, https:\/\/expoflamenco.com\/espacio\/wp-content\/uploads\/sites\/25\/2026\/04\/\u2018Sonando-flamenco-5-1024x576.jpg 1024w, https:\/\/expoflamenco.com\/espacio\/wp-content\/uploads\/sites\/25\/2026\/04\/\u2018Sonando-flamenco-5-768x432.jpg 768w, https:\/\/expoflamenco.com\/espacio\/wp-content\/uploads\/sites\/25\/2026\/04\/\u2018Sonando-flamenco-5-1536x864.jpg 1536w, https:\/\/expoflamenco.com\/espacio\/wp-content\/uploads\/sites\/25\/2026\/04\/\u2018Sonando-flamenco-5-750x422.jpg 750w, https:\/\/expoflamenco.com\/espacio\/wp-content\/uploads\/sites\/25\/2026\/04\/\u2018Sonando-flamenco-5-1140x641.jpg 1140w\" alt=\"\" width=\"1600\" height=\"900\" data-pin-no-hover=\"true\" \/><figcaption class=\"wp-element-caption\">Extraordinario trabajo de Chemi L\u00b4\u00b4opez<\/figcaption><\/figure>\r\n<\/div>\r\n<p style=\"text-align: left\"><strong>Martes 28 de abril, a las 12,00 horas.\u00a0<\/strong><\/p>\r\n<p style=\"text-align: left\">Presentaci\u00f3n del<strong>\u00a0libro \u2018El Cante despu\u00e9s del Cante\u2019 (Droguer\u00eda Music, 2026).<\/strong>\u00a0De la mano de su autor,\u00a0<strong>Chemi L\u00f3pez<\/strong>, conoceremos los entresijos de un proyecto a largo plazo que pretende organizar la discograf\u00eda del arte flamenco y abundar en sus contenidos de un modo profundamente anal\u00edtico. En este primer volumen subtitulado \u2018La Era Ac\u00fastica\u2019 (1878-1926) ser\u00e1 el objeto de nuestra atenci\u00f3n. (Pre \u2013 grabada)<\/p>\r\n<p style=\"text-align: left\"><strong>Jueves 30 de abril, a las 20,00 horas.<\/strong><\/p>\r\n<p style=\"text-align: left\">Segunda sesi\u00f3n de nuestro Club del Vinilo Expoflamenco dedicada a la cara B del disco LP \u2018Colores Morenos\u2019 de Juan Moneo y Mora\u00edto. En 1994, los dos artistas estaban en el c\u00e9nit de sus facultades y sus respectivas carreras art\u00edsticas; Juan Moneo Lara contaba con 41 a\u00f1os de edad y Manuel Moreno Junquera con 38. Pertenecer al Club es muy f\u00e1cil, s\u00f3lo se requiere suscripci\u00f3n gratuita a nuestra plataforma. Una de vinilos y\u00a0vinitos.<\/p>\r\n&nbsp;\r\n<div class=\"wp-block-image\">\r\n<figure class=\"aligncenter size-full is-resized\">\r\n\r\n<figure id=\"attachment_82312\" aria-describedby=\"caption-attachment-82312\" style=\"width: 655px\" class=\"wp-caption aligncenter\"><img decoding=\"async\" class=\"size-full wp-image-82312\" src=\"https:\/\/expoflamenco.com\/agenda\/wp-content\/uploads\/sites\/22\/2026\/03\/club-del-vinilo-expo.webp\" alt=\"\" width=\"655\" height=\"819\" srcset=\"https:\/\/expoflamenco.com\/agenda\/wp-content\/uploads\/sites\/22\/2026\/03\/club-del-vinilo-expo.webp 655w, https:\/\/expoflamenco.com\/agenda\/wp-content\/uploads\/sites\/22\/2026\/03\/club-del-vinilo-expo-304x380.webp 304w, https:\/\/expoflamenco.com\/agenda\/wp-content\/uploads\/sites\/22\/2026\/03\/club-del-vinilo-expo-456x570.webp 456w\" sizes=\"(max-width: 655px) 100vw, 655px\" \/><figcaption id=\"caption-attachment-82312\" class=\"wp-caption-text\">Club del Vinilo<\/figcaption><\/figure><\/figure>\r\n<\/div>\r\nY adem\u00e1s,\r\n\r\nAcademia de Baile Expoflamenco\r\n\r\nDe la mano de nuestra profesora<strong>\u00a0Marga Flores\u00a0<\/strong>se ha iniciado un nuevo curso con nuevos horarios para que puedas aprender el baile de una manera pedag\u00f3gica y muy flamenca. El cuadrante de los cursos se desarrollar\u00e1 de esta forma de manera permanente, salvo d\u00edas festivos. Mi\u00e9rcoles por la ma\u00f1ana de 11,00 a 12,15 horas. Mi\u00e9rcoles por la tarde de 18,45 a 20,00 horas. Viernes por la tarde de 17,30 a 18,45 horas (sevillanas) \/ de 18,45 a 20,00 horas (buler\u00edas). Para mayor informaci\u00f3n de estas actividades pod\u00e9is llamar al tel\u00e9fono de la Tienda \u2013 Espacio expoflamenco 673651042 (en horario comercial)\r\n\r\nExposici\u00f3n de fotograf\u00edas \u2018Focus on: cuerpo, voz, mujer\u2019 de Roksaneh E. Fotovat\r\n\r\nBajo la personal visi\u00f3n de la<strong>\u00a0artista gr\u00e1fica de Roksaneh Emma Fotovat<\/strong>, el contenido de la exposici\u00f3n es un altavoz de los valores sociales y culturales de la mujer con el flamenco como foco de atenci\u00f3n. La fot\u00f3grafa y cineasta iran\u00ed, Roksaneh Emma Fotovat, desarrolla un trabajo visual en torno al flamenco, entendido como un arte vivo, un lenguaje del cuerpo y un espacio de transmisi\u00f3n. Visitable en horario comercial de lunes a s\u00e1bado.\r\n<h4><\/h4>\r\n<div dir=\"ltr\">\r\n<div class=\"gmail_default\"><\/div>\r\n<\/div>\r\n\r\n<hr \/>\r\n\r\n<h4><em>\u00bfQuieres que tu evento aparezca en nuestra agenda? Es totalmente gratuito: Envianos la informaci\u00f3n lo mas completa posible y subiremos conforme relevancia y nuestra disponibilidad. Tendr\u00e1n prioridad los eventos con programaci\u00f3n mensual o ciclos. Y si quieres anunciarte con nosotros, tenemos muchas opciones. Envianos un mensaje a agenda@expoflamenco.com.<\/em><\/h4><!-- \/wp:post-content -->","protected":false,"gt_translate_keys":[{"key":"rendered","format":"html"}]},"excerpt":{"rendered":"<p>Agenda de actividades del Espacio Cultural expoflamenco en Jerez de la Frontera. Actividades entresemana a lo largo de todo el a\u00f1o. Ver la Programaci\u00f3n completa de la quincena.<\/p>\n","protected":false,"gt_translate_keys":[{"key":"rendered","format":"html"}]},"author":56,"featured_media":82370,"comment_status":"open","ping_status":"open","sticky":false,"template":"","format":"standard","meta":{"_acf_changed":false,"pmpro_default_level":"","jnews-multi-image_gallery":[],"jnews_single_post":{"format":"standard","jnews_video_option_group":[[]],"override":[{"template":"3","parallax":"1","fullscreen":"1","layout":"right-sidebar","sidebar":"default-sidebar","second_sidebar":"default-sidebar","sticky_sidebar":"1","share_position":"bottom","share_float_style":"share-monocrhome","show_share_counter":"1","show_view_counter":"1","show_featured":"1","show_post_meta":"1","show_post_author_image":"1","show_post_date":"1","post_date_format":"default","post_date_format_custom":"Y\/m\/d","show_post_category":"1","show_post_reading_time":"1","post_reading_time_wpm":"300","post_calculate_word_method":"str_word_count","zoom_button_out_step":"2","zoom_button_in_step":"3","show_post_tag":"1","show_popup_post":"1","show_comment_section":"1","number_popup_post":"1","show_post_related":"1"}],"image_override":[{"single_post_thumbnail_size":"crop-500","single_post_gallery_size":"crop-500"}],"trending_post_position":"meta","trending_post_label":"Trending","sponsored_post_label":"Sponsored by","disable_ad":"0","subtitle":"Ver la programaci\u00f3n de la quincena"},"jnews_primary_category":[],"jnews_override_bookmark_settings":{"override_bookmark_button":"0","override_show_bookmark_button":"0"},"jnews_social_meta":[],"jnews_review":[],"enable_review":"","type":"percentage","name":"","summary":"","brand":"","sku":"","good":[],"bad":[],"score_override":"","override_value":"","rating":[],"price":[],"jnews_override_counter":{"view_counter_number":"0","share_counter_number":"0","like_counter_number":"0","dislike_counter_number":"0"},"jnews_post_split":{"post_split":[{"template":"1","tag":"h2","numbering":"asc","mode":"normal","first":"0","enable_toc":"0","toc_type":"normal"}]},"footnotes":""},"categories":[110,288,325,1366,1341,663,324,16,15],"tags":[1306,1082,1146,130],"class_list":["post-82055","post","type-post","status-publish","format-standard","has-post-thumbnail","hentry","category-actualidad-agenda","category-baile","category-cante","category-conferencias","category-cursos","category-exposicion","category-guitarra","category-internacional","category-nacional","tag-baile","tag-cursos","tag-espacio-cultural-expoflamenco","tag-flamenco","pmpro-has-access"],"acf":[],"aioseo_notices":[],"gt_translate_keys":[{"key":"link","format":"url"}],"_links":{"self":[{"href":"https:\/\/expoflamenco.com\/agenda\/wp-json\/wp\/v2\/posts\/82055","targetHints":{"allow":["GET"]}}],"collection":[{"href":"https:\/\/expoflamenco.com\/agenda\/wp-json\/wp\/v2\/posts"}],"about":[{"href":"https:\/\/expoflamenco.com\/agenda\/wp-json\/wp\/v2\/types\/post"}],"author":[{"embeddable":true,"href":"https:\/\/expoflamenco.com\/agenda\/wp-json\/wp\/v2\/users\/56"}],"replies":[{"embeddable":true,"href":"https:\/\/expoflamenco.com\/agenda\/wp-json\/wp\/v2\/comments?post=82055"}],"version-history":[{"count":2,"href":"https:\/\/expoflamenco.com\/agenda\/wp-json\/wp\/v2\/posts\/82055\/revisions"}],"predecessor-version":[{"id":82373,"href":"https:\/\/expoflamenco.com\/agenda\/wp-json\/wp\/v2\/posts\/82055\/revisions\/82373"}],"wp:featuredmedia":[{"embeddable":true,"href":"https:\/\/expoflamenco.com\/agenda\/wp-json\/wp\/v2\/media\/82370"}],"wp:attachment":[{"href":"https:\/\/expoflamenco.com\/agenda\/wp-json\/wp\/v2\/media?parent=82055"}],"wp:term":[{"taxonomy":"category","embeddable":true,"href":"https:\/\/expoflamenco.com\/agenda\/wp-json\/wp\/v2\/categories?post=82055"},{"taxonomy":"post_tag","embeddable":true,"href":"https:\/\/expoflamenco.com\/agenda\/wp-json\/wp\/v2\/tags?post=82055"}],"curies":[{"name":"wp","href":"https:\/\/api.w.org\/{rel}","templated":true}]}}