{"id":80599,"date":"2025-09-25T15:39:45","date_gmt":"2025-09-25T13:39:45","guid":{"rendered":"https:\/\/expoflamenco.com\/agenda\/?p=80599"},"modified":"2025-09-26T13:06:33","modified_gmt":"2025-09-26T11:06:33","slug":"flamenco-retreat-un-viaje-interior","status":"publish","type":"post","link":"https:\/\/expoflamenco.com\/agenda\/flamenco-retreat-un-viaje-interior\/","title":{"rendered":"Flamenco Retreat: Un Viaje Interior\u00a0&#8211; Curso","gt_translate_keys":[{"key":"rendered","format":"text"}]},"content":{"rendered":"<h3><span style=\"font-weight: 400\">El pr\u00f3ximo mes de octubre se celebrar\u00e1 en <\/span><span style=\"font-weight: 400\">Periana (M\u00e1laga) la primera edici\u00f3n de <\/span><b>Flamenco Retreat: Un Viaje Interior<\/b><span style=\"font-weight: 400\">, <\/span><span style=\"font-weight: 400\">una <\/span><span style=\"font-weight: 400\">propuesta que nace de la amistad <\/span><span style=\"font-weight: 400\">entre <\/span><span style=\"font-weight: 400\">tres amigas unidas por su pasi\u00f3n por el <\/span><span style=\"font-weight: 400\">flamenco<\/span><span style=\"font-weight: 400\">.\u00a0<\/span><\/h3>\n<p><a class=\"btn btn-default\" href=\"https:\/\/expoflamenco.com\/agenda\/wp-admin\/post.php?post=80564&amp;action=edit\">Ver Programaci\u00f3n<\/a><\/p>\n<p><span style=\"font-weight: 400\">Lourdes Fernandez<\/span><span style=\"font-weight: 400\">, <\/span><span style=\"font-weight: 400\">Virginia Pulido y <\/span><span style=\"font-weight: 400\">Natalia De<\/span><span style=\"font-weight: 400\">&#8216; <\/span><span style=\"font-weight: 400\">Carli presentan este retiro <\/span><span style=\"font-weight: 400\">como un espacio de encuentro<\/span><span style=\"font-weight: 400\">, <\/span><span style=\"font-weight: 400\">formaci\u00f3n <\/span><span style=\"font-weight: 400\">y expresi\u00f3n<\/span><span style=\"font-weight: 400\">, <\/span><span style=\"font-weight: 400\">abierto a todos los niveles y <\/span><span style=\"font-weight: 400\">centrado <\/span><span style=\"font-weight: 400\">en <\/span><span style=\"font-weight: 400\">la conexi\u00f3n entre cuerpo<\/span><span style=\"font-weight: 400\">, <\/span><span style=\"font-weight: 400\">emoci\u00f3n<\/span><span style=\"font-weight: 400\">, <\/span><span style=\"font-weight: 400\">m\u00fasica y naturaleza<\/span><span style=\"font-weight: 400\">.\u00a0<\/span><\/p>\n<p><span style=\"font-weight: 400\">Durante tres d\u00edas<\/span><span style=\"font-weight: 400\">, <\/span><span style=\"font-weight: 400\">el retiro ofrecer\u00e1 una\u00a0<\/span><span style=\"font-weight: 400\">programaci\u00f3n intensiva que combina talleres <\/span><span style=\"font-weight: 400\">de <\/span><span style=\"font-weight: 400\">danza<\/span><span style=\"font-weight: 400\">, <\/span><span style=\"font-weight: 400\">cante<\/span><span style=\"font-weight: 400\">, <\/span><span style=\"font-weight: 400\">percusi\u00f3n y <\/span><span style=\"font-weight: 400\">dramaturgia flamenca<\/span><span style=\"font-weight: 400\">, <\/span><span style=\"font-weight: 400\">con momentos de <\/span><span style=\"font-weight: 400\">reflexi\u00f3n<\/span><span style=\"font-weight: 400\">, <\/span><span style=\"font-weight: 400\">rituales hol\u00edsticos y espect\u00e1culos <\/span><span style=\"font-weight: 400\">en vivo<\/span><span style=\"font-weight: 400\">.\u00a0<\/span><\/p>\n<p><span style=\"font-weight: 400\">El entorno natural del <\/span><b>Cortijo Las Monjas<\/b><span style=\"font-weight: 400\">, <\/span><span style=\"font-weight: 400\">en plena Axarqu\u00eda malague\u00f1a<\/span><span style=\"font-weight: 400\">, <\/span><span style=\"font-weight: 400\">ha sido <\/span><span style=\"font-weight: 400\">elegido por su atm\u00f3sfera tranquila y su <\/span><span style=\"font-weight: 400\">capacidad para inspirar procesos <\/span><span style=\"font-weight: 400\">creativos<\/span><span style=\"font-weight: 400\">. <\/span><span style=\"font-weight: 400\">Adem\u00e1s de ofrecer una dieta <\/span><span style=\"font-weight: 400\">mediterr\u00e1nea con productos de\u00a0<\/span><span style=\"font-weight: 400\">temporada<\/span><span style=\"font-weight: 400\">, <\/span><span style=\"font-weight: 400\">el retiro incluir\u00e1 una propuesta <\/span><span style=\"font-weight: 400\">gastron\u00f3mica antiinflamatoria basada <\/span><span style=\"font-weight: 400\">en <\/span><span style=\"font-weight: 400\">ingredientes locales y de cultivo propio<\/span><span style=\"font-weight: 400\">, <\/span><span style=\"font-weight: 400\">como el aceite de oliva producido en el <\/span><span style=\"font-weight: 400\">mismo Cortijo<\/span><span style=\"font-weight: 400\">. <\/span><span style=\"font-weight: 400\">Los platos tradicionales de la cocina andaluza formar\u00e1n parte de esta <\/span><span style=\"font-weight: 400\">experiencia<\/span><span style=\"font-weight: 400\">, <\/span><span style=\"font-weight: 400\">brindando a los participantes <\/span><span style=\"font-weight: 400\">un aut\u00e9ntico viaje culinario que\u00a0<\/span><span style=\"font-weight: 400\">complementa el enfoque integral del retiro<\/span><span style=\"font-weight: 400\">.\u00a0<\/span><\/p>\n<p><span style=\"font-weight: 400\">Se invita a los participantes a explorar su expresi\u00f3n flamenca m\u00e1s aut\u00e9ntica en un entorno natural dise\u00f1ado para favorecer la desconexi\u00f3n<\/span><span style=\"font-weight: 400\">, <\/span><span style=\"font-weight: 400\">la liberaci\u00f3n del cuerpo a <\/span><span style=\"font-weight: 400\">trav\u00e9s del movimiento<\/span><span style=\"font-weight: 400\">, <\/span><span style=\"font-weight: 400\">la improvisaci\u00f3n y <\/span><span style=\"font-weight: 400\">la conexi\u00f3n con la fuerza interior<\/span><span style=\"font-weight: 400\">. <\/span><span style=\"font-weight: 400\">El retiro <\/span><span style=\"font-weight: 400\">propone un espacio seguro y estimulante <\/span><span style=\"font-weight: 400\">donde cada persona puede descubrir y desarrollar su propio lenguaje flamenco<\/span><span style=\"font-weight: 400\">, <\/span><span style=\"font-weight: 400\">sin juicios ni exigencias t\u00e9cnicas<\/span><span style=\"font-weight: 400\">.\u00a0<\/span><\/p>\n<p><b>Una programaci\u00f3n basada en los <\/b><b>cuatro elementos\u00a0<\/b><\/p>\n<p><span style=\"font-weight: 400\">La estructura del retiro se articula en torno <\/span><span style=\"font-weight: 400\">a los elementos aire<\/span><span style=\"font-weight: 400\">, <\/span><span style=\"font-weight: 400\">tierra<\/span><span style=\"font-weight: 400\">, <\/span><span style=\"font-weight: 400\">agua y fuego<\/span><span style=\"font-weight: 400\">, <\/span><span style=\"font-weight: 400\">que sirven como gu\u00eda simb\u00f3lica para <\/span><span style=\"font-weight: 400\">explorar el movimiento<\/span><span style=\"font-weight: 400\">, <\/span><span style=\"font-weight: 400\">las emociones y la <\/span><span style=\"font-weight: 400\">expresi\u00f3n flamenca contida en cada palo<\/span><span style=\"font-weight: 400\">. <\/span><span style=\"font-weight: 400\">Cada jornada propone una inmersi\u00f3n\u00a0<\/span><span style=\"font-weight: 400\">tem\u00e1tica:\u00a0<\/span><\/p>\n<ul>\n<li><b>Viernes 24<\/b><span style=\"font-weight: 400\">: Introducci\u00f3n al retiro<\/span><span style=\"font-weight: 400\">, <\/span>desbloqueo del duende y taller de Tangos (elemento aire), seguido de una cena andaluza y una obra teatral a cargo de Virginia Pulido.<\/li>\n<\/ul>\n<ul>\n<li><b> <\/b><b>S\u00e1bado 25<\/b><span style=\"font-weight: 400\">: Talleres de Sole\u00e1 (tierra)<\/span><span style=\"font-weight: 400\">, <\/span><span style=\"font-weight: 400\">Alegr\u00edas (agua) y Buler\u00edas (fuego)<\/span><span style=\"font-weight: 400\">, <\/span><span style=\"font-weight: 400\">adem\u00e1s de una masterclass de fin de <\/span><span style=\"font-weight: 400\">fiesta y una juerga flamenca abierta <\/span><span style=\"font-weight: 400\">con espectaculo flamenco y jam <\/span><span style=\"font-weight: 400\">experimental\u00a0<\/span><\/li>\n<li><b>Domingo 26<\/b>: Sesi\u00f3n integradora con los cuatro elementos y cierre colectivo con espacio para compartir experiencias.<\/li>\n<\/ul>\n<p><b>Un equipo art\u00edstico multidisciplinar <\/b><span style=\"font-weight: 400\">El retiro contar\u00e1 con la participaci\u00f3n de artistas de distintas disciplinas y\u00a0<\/span><\/p>\n<p><span style=\"font-weight: 400\">trayectorias<\/span><span style=\"font-weight: 400\">:\u00a0<\/span><\/p>\n<ul>\n<li><b>Lourdes Fern\u00e1ndez <\/b>(Madrid\/Londres) bailaora, cofundadora y responsable de la direccion pedagogica<\/li>\n<li><b>Pablo Egea <\/b>(Murcia\/Sevilla), bailaor flamencos y coreografo<\/li>\n<\/ul>\n<ul>\n<li><b>Carlos Lobo <\/b><span style=\"font-weight: 400\">(Jerez\/Sevilla)<\/span><span style=\"font-weight: 400\">, <\/span><span style=\"font-weight: 400\">cantaor <\/span><span style=\"font-weight: 400\">flamenco<\/span><span style=\"font-weight: 400\"><span style=\"font-weight: 400\">.<\/span><\/span><\/li>\n<li><b>Virginia Pulido <\/b>(Barcelona), actriz cofundadora y responsable de marketing.<\/li>\n<\/ul>\n<ul>\n<li><b>Natalia <\/b><span style=\"font-weight: 400\">De&#8217;Carli (Brasil\/Espa\u00f1a) cofundadora<\/span><span style=\"font-weight: 400\">, <\/span><span style=\"font-weight: 400\">dise\u00f1adora grafica y responsable de log\u00edstica\u00a0<\/span><\/li>\n<li><b>Antonio <\/b><b>\u00ab<\/b><b>El Gato<\/b><span style=\"font-weight: 400\">\u00bb <\/span><b>Delgado<\/b><b>, <\/b><span style=\"font-weight: 400\">guitarrista <\/span><span style=\"font-weight: 400\">flamenco<\/span><span style=\"font-weight: 400\">.\u00a0<\/span><\/li>\n<\/ul>\n<p><b>Inscripci\u00f3n y condiciones\u00a0<\/b><\/p>\n<p><span style=\"font-weight: 400\">El <\/span><span style=\"font-weight: 400\">retiro <\/span><span style=\"font-weight: 400\">ofrece alojamiento compartido en habitaciones dobles y triples<\/span><span style=\"font-weight: 400\">, <\/span><span style=\"font-weight: 400\">pensi\u00f3n completa y acceso a todas las\u00a0<\/span><\/p>\n<p><span style=\"font-weight: 400\">actividades<\/span><span style=\"font-weight: 400\">. <\/span><span style=\"font-weight: 400\">La inscripci\u00f3n est\u00e1 abierta\u00a0<\/span><span style=\"font-weight: 400\">hasta completar aforo<\/span><span style=\"font-weight: 400\">, <\/span><span style=\"font-weight: 400\">con opci\u00f3n de pago\u00a0<\/span><\/p>\n<p><span style=\"font-weight: 400\">(<\/span><span style=\"font-weight: 400\">\u20ac<\/span><span style=\"font-weight: 400\">600<\/span><span style=\"font-weight: 400\">)<\/span><span style=\"font-weight: 400\">.\u00a0<\/span><\/p>\n<p><b>info.flamencoretreat@gmail.com\u00a0<\/b><\/p>\n<p><b>Flamenco Retreat<\/b><span style=\"font-weight: 400\">: <\/span><b>Un Viaje Interior <\/b><span style=\"font-weight: 400\">se <\/span><span style=\"font-weight: 400\">presenta como una propuesta alternativa <\/span><span style=\"font-weight: 400\">dentro del panorama flamenco actual<\/span><span style=\"font-weight: 400\">, <\/span><span style=\"font-weight: 400\">apostando por la formaci\u00f3n emocional<\/span><span style=\"font-weight: 400\">, <\/span><span style=\"font-weight: 400\">la <\/span><span style=\"font-weight: 400\">creaci\u00f3n colectiva y el flamenco como herramienta de transformaci\u00f3n personal<\/span><span style=\"font-weight: 400\">.\u00a0<\/span><\/p>\n<p><span style=\"font-weight: 400\">RESERVA AHORA ESTA EXPERIENCIA\u00a0<\/span><\/p>\n<p><span style=\"font-weight: 400\">FLAMENCA\u00a0<\/span><\/p>\n<p><span style=\"font-weight: 400\">https<\/span><span style=\"font-weight: 400\">:<\/span><span style=\"font-weight: 400\">\/\/\u00a0<\/span><span style=\"font-weight: 400\">www.lourdesfernandezflamenco.com\/\u00a0<\/span><\/p>\n<p><span style=\"font-weight: 400\">flamencoretreat\u00a0<\/span><\/p>\n<p><span style=\"font-weight: 400\">@flamenco_retreat\u00a0<\/span><\/p>\n<p><span style=\"font-weight: 400\">643 943 931\u00a0<\/span><\/p>\n<p><span style=\"font-weight: 400\">Info.flamencoretreat@gmail.com<\/span><\/p>\n<p>&nbsp;<\/p>\n<blockquote><p><em>\u00bfQuieres que t<strong>u evento aparezca en nuestra agenda? Es totalmente gratuito:<\/strong>\u00a0envianos la informaci\u00f3n lo mas completa posible y subiremos conforme relevancia y nuestra disponibilidad, tendr\u00e1n prioridad los eventos con programaci\u00f3n mensual o ciclos.<\/em><br \/>\n<em>Y si quieres<strong>\u00a0anunciarte con nosotros,<\/strong>\u00a0tenemos muchas opciones, envianos un mensaje y buscamos lo mejor para ti.\u00a0<strong>agenda@expoflamenco.com.<\/strong><\/em><\/p><\/blockquote>\n","protected":false,"gt_translate_keys":[{"key":"rendered","format":"html"}]},"excerpt":{"rendered":"<p>El pr\u00f3ximo mes de octubre se celebrar\u00e1 en Periana (M\u00e1laga) la primera edici\u00f3n de Flamenco Retreat: Un Viaje Interior, una propuesta que nace de la amistad entre tres amigas unidas por su pasi\u00f3n por el flamenco.\u00a0 Ver Programaci\u00f3n Lourdes Fernandez, Virginia Pulido y Natalia De&#8216; Carli presentan este retiro como un espacio de encuentro, formaci\u00f3n [&hellip;]<\/p>\n","protected":false,"gt_translate_keys":[{"key":"rendered","format":"html"}]},"author":56,"featured_media":80566,"comment_status":"open","ping_status":"open","sticky":false,"template":"","format":"standard","meta":{"_acf_changed":false,"pmpro_default_level":"","jnews-multi-image_gallery":[],"jnews_single_post":{"format":"standard","jnews_video_option_group":[[]],"override":[{"template":"3","parallax":"1","fullscreen":"1","layout":"right-sidebar","sidebar":"default-sidebar","second_sidebar":"default-sidebar","sticky_sidebar":"1","share_position":"bottom","share_float_style":"share-monocrhome","show_share_counter":"1","show_view_counter":"1","show_featured":"1","show_post_meta":"1","show_post_author_image":"1","show_post_date":"1","post_date_format":"default","post_date_format_custom":"Y\/m\/d","show_post_category":"1","show_post_reading_time":"1","post_reading_time_wpm":"300","post_calculate_word_method":"str_word_count","zoom_button_out_step":"2","zoom_button_in_step":"3","show_post_tag":"1","show_popup_post":"1","number_popup_post":"1","show_post_related":"1"}],"image_override":[{"single_post_thumbnail_size":"crop-500","single_post_gallery_size":"crop-500"}],"trending_post_position":"meta","trending_post_label":"Trending","sponsored_post_label":"Sponsored by","disable_ad":"0","subtitle":"Del 24 al 26 de octubre de 2025 | Cortijo Las Monjas, Periana (M\u00e1laga)\u00a0"},"jnews_primary_category":{"id":"16"},"jnews_override_bookmark_settings":{"override_bookmark_button":"0","override_show_bookmark_button":"0"},"jnews_social_meta":[],"jnews_review":[],"enable_review":"","type":"percentage","name":"","summary":"","brand":"","sku":"","good":[],"bad":[],"score_override":"","override_value":"","rating":[],"price":[],"jnews_override_counter":{"view_counter_number":"0","share_counter_number":"0","like_counter_number":"0","dislike_counter_number":"0"},"jnews_post_split":{"post_split":[{"template":"1","tag":"h2","numbering":"asc","mode":"normal","first":"0","enable_toc":"0","toc_type":"normal"}]},"footnotes":""},"categories":[110,1341,16],"tags":[],"class_list":["post-80599","post","type-post","status-publish","format-standard","has-post-thumbnail","hentry","category-actualidad-agenda","category-cursos","category-internacional","pmpro-has-access"],"acf":[],"aioseo_notices":[],"gt_translate_keys":[{"key":"link","format":"url"}],"_links":{"self":[{"href":"https:\/\/expoflamenco.com\/agenda\/wp-json\/wp\/v2\/posts\/80599","targetHints":{"allow":["GET"]}}],"collection":[{"href":"https:\/\/expoflamenco.com\/agenda\/wp-json\/wp\/v2\/posts"}],"about":[{"href":"https:\/\/expoflamenco.com\/agenda\/wp-json\/wp\/v2\/types\/post"}],"author":[{"embeddable":true,"href":"https:\/\/expoflamenco.com\/agenda\/wp-json\/wp\/v2\/users\/56"}],"replies":[{"embeddable":true,"href":"https:\/\/expoflamenco.com\/agenda\/wp-json\/wp\/v2\/comments?post=80599"}],"version-history":[{"count":2,"href":"https:\/\/expoflamenco.com\/agenda\/wp-json\/wp\/v2\/posts\/80599\/revisions"}],"predecessor-version":[{"id":80606,"href":"https:\/\/expoflamenco.com\/agenda\/wp-json\/wp\/v2\/posts\/80599\/revisions\/80606"}],"wp:featuredmedia":[{"embeddable":true,"href":"https:\/\/expoflamenco.com\/agenda\/wp-json\/wp\/v2\/media\/80566"}],"wp:attachment":[{"href":"https:\/\/expoflamenco.com\/agenda\/wp-json\/wp\/v2\/media?parent=80599"}],"wp:term":[{"taxonomy":"category","embeddable":true,"href":"https:\/\/expoflamenco.com\/agenda\/wp-json\/wp\/v2\/categories?post=80599"},{"taxonomy":"post_tag","embeddable":true,"href":"https:\/\/expoflamenco.com\/agenda\/wp-json\/wp\/v2\/tags?post=80599"}],"curies":[{"name":"wp","href":"https:\/\/api.w.org\/{rel}","templated":true}]}}