{"id":79384,"date":"2026-01-14T14:25:55","date_gmt":"2026-01-14T13:25:55","guid":{"rendered":"https:\/\/expoflamenco.com\/agenda\/?p=79384"},"modified":"2026-04-14T11:05:20","modified_gmt":"2026-04-14T09:05:20","slug":"jerez-de-la-frontera-cursos","status":"publish","type":"post","link":"https:\/\/expoflamenco.com\/agenda\/jerez-de-la-frontera-cursos\/","title":{"rendered":"Guia Flamenca: Clases de flamenco en JEREZ DE LA FRONTERA.","gt_translate_keys":[{"key":"rendered","format":"text"}]},"content":{"rendered":"<h3 style=\"text-align: center\">Listado y Carteler\u00eda de Escuelas y Estudios de formaci\u00f3n en baile, cante y toque de flamenco en Jerez de la Frontera<\/h3>\n<hr \/>\n<div id=\"tsuid_hjbWaZKODKvTi-gPhIyGmA8_41\" class=\"w7Dbne\" data-record-click-time=\"false\" data-hveid=\"CCwQAA\">\n<div class=\"uMdZh tIxNaf rllt__borderless\">\n<div class=\"VkpGBb\">\n<div class=\"mTwRT\">\n<div id=\"pv-\/g\/11g7zvsf4y\" role=\"button\" data-hveid=\"CCwQAQ\" data-ved=\"2ahUKEwiS6eSLjt6TAxWr6QIHHQSGAfMQ1YkKegQILBAB\">\n<div class=\"cXedhc\">\n<div class=\"vwVdIc vyFC0c\">\n<div>\n<div class=\"rllt__details\">\n<div role=\"heading\"><\/div>\n<div class=\"dbg0pd\" role=\"heading\">\n<div class=\"dbg0pd\" role=\"heading\"><strong><span class=\"OSrXXb\">Estudio LA BAILAORA &#8211; Clases, Eventos y Espect\u00e1culo, <\/span><\/strong><\/div>\n<div>Academia de baile. Eventos flamenco.<\/div>\n<div>C. Lecheras, 6 \u00b7<\/div>\n<div>Telf+34 605 11 57 81<\/div>\n<div class=\"pJ3Ci\">\n<div class=\"dXnVAb\"><span class=\"BI0Dve\">Clases <\/span><span class=\"BI0Dve\">online <\/span><span class=\"BI0Dve\">y <\/span><span class=\"BI0Dve\">presenciales<\/span><\/div>\n<div><a href=\"https:\/\/maps.app.goo.gl\/Sp2zFnwL9YPw2vQi9\">WEB<\/a><\/div>\n<div><\/div>\n<\/div>\n<p><strong><span class=\"OSrXXb\">Academia de Baile Tatiana Ruiz<\/span><\/strong><\/p>\n<\/div>\n<div>Escuela de baile flamenco<\/div>\n<div>C. San Telmo, 1 \u00b7<\/div>\n<div>Telf.+34 658 30 40 86<\/div>\n<div><\/div>\n<\/div>\n<\/div>\n<\/div>\n<\/div>\n<\/div>\n<\/div>\n<\/div>\n<\/div>\n<\/div>\n<div id=\"tsuid_hjbWaZKODKvTi-gPhIyGmA8_44\" class=\"w7Dbne\" data-record-click-time=\"false\" data-hveid=\"CCoQAA\">\n<div class=\"uMdZh tIxNaf\">\n<div class=\"VkpGBb\">\n<div class=\"mTwRT\">\n<div id=\"pv-\/g\/11hb0dr0m_\" role=\"button\" data-hveid=\"CCoQAQ\" data-ved=\"2ahUKEwiS6eSLjt6TAxWr6QIHHQSGAfMQ1YkKegQIKhAB\">\n<div class=\"cXedhc\">\n<div class=\"vwVdIc vyFC0c\">\n<div>\n<div class=\"rllt__details\">\n<div class=\"dbg0pd\" role=\"heading\"><strong><span class=\"OSrXXb\">Maria Jose Franco &#8211; Escuela de baile Flamenco<\/span><\/strong><\/div>\n<div>Escuela de flamenco<\/div>\n<div>C. Alvar F\u00e1\u00f1ez, 10 \u00b7<\/div>\n<div>Telf+34 601 22 42 31<\/div>\n<div><\/div>\n<\/div>\n<\/div>\n<\/div>\n<\/div>\n<\/div>\n<\/div>\n<\/div>\n<\/div>\n<\/div>\n<div id=\"tsuid_hjbWaZKODKvTi-gPhIyGmA8_43\" class=\"w7Dbne\" data-record-click-time=\"false\" data-hveid=\"CC8QAA\">\n<div class=\"uMdZh tIxNaf\">\n<div class=\"VkpGBb\">\n<div class=\"mTwRT\">\n<div id=\"pv-\/g\/11kr6zk86v\" role=\"button\" data-hveid=\"CC8QAQ\" data-ved=\"2ahUKEwiS6eSLjt6TAxWr6QIHHQSGAfMQ1YkKegQILxAB\">\n<div class=\"cXedhc\">\n<div class=\"vwVdIc vyFC0c\">\n<div>\n<div class=\"rllt__details\">\n<div class=\"dbg0pd\" role=\"heading\"><strong><span class=\"OSrXXb\">Academia de Baile Flamenco Mar\u00eda Jos\u00e9 Ja\u00e9n<\/span><\/strong><\/div>\n<div>Academia de baile<\/div>\n<div>Res. Torrelobaton, n\u00ba 7 \u00b7<\/div>\n<div>Telf+34 649 28 28 06<\/div>\n<div><\/div>\n<\/div>\n<\/div>\n<\/div>\n<\/div>\n<\/div>\n<\/div>\n<\/div>\n<\/div>\n<\/div>\n<div id=\"tsuid_hjbWaZKODKvTi-gPhIyGmA8_50\" class=\"w7Dbne\" data-record-click-time=\"false\" data-hveid=\"CDMQAA\">\n<div class=\"uMdZh tIxNaf\">\n<div class=\"VkpGBb\">\n<div class=\"mTwRT\">\n<div id=\"pv-\/g\/11btvb9lys\" role=\"button\" data-hveid=\"CDMQAQ\" data-ved=\"2ahUKEwiS6eSLjt6TAxWr6QIHHQSGAfMQ1YkKegQIMxAB\">\n<div class=\"cXedhc\">\n<div class=\"vwVdIc vyFC0c\">\n<div>\n<div class=\"rllt__details\">\n<div class=\"dbg0pd\" role=\"heading\"><strong><span class=\"OSrXXb\">Casa de Jos\u00e9 Ignacio Franco<\/span><\/strong><\/div>\n<div>Escuela de m\u00fasica<\/div>\n<div>Av. de Medina Sidonia, 12-13<\/div>\n<div>\u00b7Telf+34 611 89 88 22<\/div>\n<div><\/div>\n<\/div>\n<\/div>\n<\/div>\n<\/div>\n<\/div>\n<\/div>\n<\/div>\n<\/div>\n<\/div>\n<div id=\"tsuid_hjbWaZKODKvTi-gPhIyGmA8_42\" class=\"w7Dbne\" data-record-click-time=\"false\" data-hveid=\"CC0QAA\">\n<div class=\"uMdZh tIxNaf\">\n<div class=\"VkpGBb\">\n<div class=\"mTwRT\">\n<div id=\"pv-\/g\/12qg53jff\" role=\"button\" data-hveid=\"CC0QAQ\" data-ved=\"2ahUKEwiS6eSLjt6TAxWr6QIHHQSGAfMQ1YkKegQILRAB\">\n<div class=\"cXedhc\">\n<div class=\"vwVdIc vyFC0c\">\n<div>\n<div class=\"rllt__details\">\n<div class=\"dbg0pd\" role=\"heading\"><strong><span class=\"OSrXXb\">Estudio de Baile Chiqui de Jerez<\/span><\/strong><\/div>\n<div>Academia de baile<\/div>\n<div>M\u00e1s de 10\u00a0a\u00f1os en activo \u00b7<\/div>\n<div>C. Empedrada, 32 \u00b7<\/div>\n<div>Telf+34 639 65 36 24<\/div>\n<div>WEB<\/div>\n<div><\/div>\n<\/div>\n<\/div>\n<\/div>\n<\/div>\n<\/div>\n<\/div>\n<\/div>\n<\/div>\n<\/div>\n<div id=\"tsuid_hjbWaZKODKvTi-gPhIyGmA8_46\" class=\"w7Dbne\" data-record-click-time=\"false\" data-hveid=\"CC4QAA\">\n<div class=\"uMdZh tIxNaf\">\n<div class=\"VkpGBb\">\n<div class=\"mTwRT\">\n<div id=\"pv-\/g\/11d_yr_zny\" role=\"button\" data-hveid=\"CC4QAQ\" data-ved=\"2ahUKEwiS6eSLjt6TAxWr6QIHHQSGAfMQ1YkKegQILhAB\">\n<div class=\"cXedhc\">\n<div class=\"vwVdIc vyFC0c\">\n<div>\n<div class=\"rllt__details\">\n<div class=\"dbg0pd\" role=\"heading\"><strong><span class=\"OSrXXb\">Esucuela de baile Patricia Ib\u00e1\u00f1ez<\/span><\/strong><\/div>\n<div>Academia de baile<\/div>\n<div>M\u00e1s de 7\u00a0a\u00f1os en activo \u00b7<br \/>\nC. Merced, 9 \u00b7<\/div>\n<div>Telf+34 650 16 66 54<\/div>\n<\/div>\n<\/div>\n<\/div>\n<\/div>\n<\/div>\n<\/div>\n<div class=\"wLAgVc\">\n<div class=\"VDgVie btku5b FR7ZSc OJeuxf sjVJQd\">\n<div class=\"niO4u KnB5rb\"><\/div>\n<\/div>\n<\/div>\n<\/div>\n<\/div>\n<\/div>\n<div id=\"tsuid_hjbWaZKODKvTi-gPhIyGmA8_48\" class=\"w7Dbne\" data-record-click-time=\"false\" data-hveid=\"CDEQAA\">\n<div class=\"uMdZh tIxNaf\">\n<div class=\"VkpGBb\">\n<div class=\"mTwRT\">\n<div id=\"pv-\/g\/11cjp5gkcj\" role=\"button\" data-hveid=\"CDEQAQ\" data-ved=\"2ahUKEwiS6eSLjt6TAxWr6QIHHQSGAfMQ1YkKegQIMRAB\">\n<div class=\"cXedhc\">\n<div class=\"vwVdIc vyFC0c\">\n<div>\n<div class=\"rllt__details\">\n<div class=\"dbg0pd\" role=\"heading\"><strong><span class=\"OSrXXb\">Centro de Baile Jerez<\/span><\/strong><\/div>\n<div>Academia de baile<\/div>\n<div>M\u00e1s de 35\u00a0a\u00f1os en activo \u00b7<br \/>\nC. Vel\u00e1zquez, 24, Bajo \u00b7<\/div>\n<div>Telf+34 661 72 29 58<\/div>\n<\/div>\n<\/div>\n<\/div>\n<\/div>\n<\/div>\n<\/div>\n<\/div>\n<\/div>\n<\/div>\n<div class=\"dNtXMe\"><\/div>\n<div id=\"tsuid_hjbWaZKODKvTi-gPhIyGmA8_45\" class=\"w7Dbne\" data-record-click-time=\"false\" data-hveid=\"CCsQAA\">\n<div class=\"uMdZh tIxNaf\">\n<div class=\"VkpGBb\">\n<div class=\"mTwRT\">\n<div id=\"pv-\/g\/11gdkpcmrq\" role=\"button\" data-hveid=\"CCsQAQ\" data-ved=\"2ahUKEwiS6eSLjt6TAxWr6QIHHQSGAfMQ1YkKegQIKxAB\">\n<div class=\"cXedhc\">\n<div class=\"vwVdIc vyFC0c\">\n<div>\n<div class=\"rllt__details\">\n<div class=\"dbg0pd\" role=\"heading\"><strong><span class=\"OSrXXb\">Centro De Baile Jerez<\/span><\/strong><\/div>\n<div>Escuela de flamenco<\/div>\n<div>C. Mare Nostrum, 10, 2 \u00b7<\/div>\n<div>Telf+34 661 72 29 58<\/div>\n<\/div>\n<\/div>\n<\/div>\n<\/div>\n<\/div>\n<\/div>\n<\/div>\n<\/div>\n<\/div>\n<div class=\"dNtXMe\"><\/div>\n<div id=\"tsuid_hjbWaZKODKvTi-gPhIyGmA8_47\" class=\"w7Dbne\" data-record-click-time=\"false\" data-hveid=\"CDAQAA\">\n<div class=\"uMdZh tIxNaf\">\n<div class=\"VkpGBb\">\n<div class=\"mTwRT\">\n<div id=\"pv-\/g\/11s2349dsw\" role=\"button\" data-hveid=\"CDAQAQ\" data-ved=\"2ahUKEwiS6eSLjt6TAxWr6QIHHQSGAfMQ1YkKegQIMBAB\">\n<div class=\"cXedhc\">\n<div class=\"vwVdIc vyFC0c\">\n<div class=\"rllt__details\">\n<div class=\"dbg0pd\" role=\"heading\"><strong><span class=\"OSrXXb\">Espacio Art\u00edstico Mar\u00eda Jos\u00e9 Franco Escuela de Flamenco<\/span><\/strong><\/div>\n<div>Escuela de flamenco<\/div>\n<div>C. Oso \u00b7<\/div>\n<div>Telf+34 601 22 42 31<\/div>\n<div class=\"pJ3Ci\">\n<div class=\"dXnVAb\"><span class=\"BI0Dve\">Servicios en las instalaciones<span class=\"if66xd\">\u00b7 <wbr \/><\/span><\/span><span class=\"BI0Dve\">Clases online<\/span><\/div>\n<\/div>\n<\/div>\n<div><\/div>\n<div class=\"rllt__details\">\n<div class=\"pJ3Ci\">\n<div id=\"tsuid_qjrWaYLoFaadkdUPi9-k0AI_42\" class=\"w7Dbne\" data-record-click-time=\"false\" data-hveid=\"CCEQAA\">\n<div class=\"uMdZh tIxNaf rllt__borderless\">\n<div class=\"VkpGBb\">\n<div class=\"mTwRT\">\n<div id=\"pv-\/g\/11ylnkd3q\" role=\"button\" data-hveid=\"CCEQAQ\" data-ved=\"2ahUKEwiC5aeFkt6TAxWmTqQEHYsvCSo4ChDViQp6BAghEAE\">\n<div class=\"cXedhc\">\n<div class=\"vwVdIc vyFC0c\">\n<div>\n<div class=\"rllt__details\">\n<div class=\"dbg0pd\" role=\"heading\"><strong><span class=\"OSrXXb\">Academia de Baile Juan Parras<\/span><\/strong><\/div>\n<div>Academia de baile<\/div>\n<div>M\u00e1s de 10\u00a0a\u00f1os en activo \u00b7<\/div>\n<div>C. Castellanos, 5 \u00b7<\/div>\n<div>Telf+34 956 32 27 27<\/div>\n<\/div>\n<\/div>\n<\/div>\n<\/div>\n<\/div>\n<\/div>\n<div>\n<div class=\"VDgVie btku5b FR7ZSc OJeuxf sjVJQd\">\n<div class=\"QuU3Wb\"><\/div>\n<\/div>\n<\/div>\n<\/div>\n<\/div>\n<\/div>\n<div id=\"tsuid_qjrWaYLoFaadkdUPi9-k0AI_41\" class=\"w7Dbne\" data-record-click-time=\"false\" data-hveid=\"CCAQAA\">\n<div class=\"uMdZh tIxNaf\">\n<div class=\"VkpGBb\">\n<div class=\"mTwRT\">\n<div id=\"pv-\/g\/11jghjv66s\" role=\"button\" data-hveid=\"CCAQAQ\" data-ved=\"2ahUKEwiC5aeFkt6TAxWmTqQEHYsvCSo4ChDViQp6BAggEAE\">\n<div class=\"cXedhc\">\n<div class=\"vwVdIc vyFC0c\">\n<div class=\"rllt__details\">\n<div class=\"dbg0pd\" role=\"heading\"><strong><span class=\"OSrXXb\">Flamenco Body Form<\/span><\/strong><\/div>\n<div>Gimnasia flamenca<\/div>\n<div>M\u00e1s de 7\u00a0a\u00f1os en activo \u00b7<\/div>\n<div>Cl. de Muleros, 4 \u00b7<\/div>\n<div>Telf+34 648 97 94 14<\/div>\n<div><\/div>\n<\/div>\n<\/div>\n<\/div>\n<\/div>\n<\/div>\n<\/div>\n<\/div>\n<\/div>\n<div id=\"tsuid_qjrWaYLoFaadkdUPi9-k0AI_43\" class=\"w7Dbne\" data-record-click-time=\"false\" data-hveid=\"CCgQAA\">\n<div class=\"uMdZh tIxNaf\">\n<div class=\"VkpGBb\">\n<div class=\"mTwRT\">\n<div id=\"pv-\/g\/11gfmz8fwh\" role=\"button\" data-hveid=\"CCgQAQ\" data-ved=\"2ahUKEwiC5aeFkt6TAxWmTqQEHYsvCSo4ChDViQp6BAgoEAE\">\n<div class=\"cXedhc\">\n<div class=\"vwVdIc vyFC0c\">\n<div class=\"rllt__details\">\n<div class=\"dbg0pd\" role=\"heading\"><strong><span class=\"OSrXXb\">Asociaci\u00f3n Cultural Flamenca Vicenta G\u00e1lvez<\/span><\/strong><\/div>\n<div>Asociaci\u00f3n y organizaci\u00f3n<\/div>\n<div>C. Azufaifa, 26 \u00b7<\/div>\n<div>Telf+34 53 02 09 18<\/div>\n<div><\/div>\n<\/div>\n<\/div>\n<\/div>\n<\/div>\n<\/div>\n<div>\n<div class=\"VDgVie btku5b FR7ZSc OJeuxf sjVJQd\"><\/div>\n<\/div>\n<\/div>\n<\/div>\n<\/div>\n<div id=\"tsuid_qjrWaYLoFaadkdUPi9-k0AI_50\" class=\"w7Dbne\" data-record-click-time=\"false\" data-hveid=\"CCkQAA\">\n<div class=\"uMdZh tIxNaf\">\n<div class=\"VkpGBb\">\n<div class=\"mTwRT\">\n<div id=\"pv-\/g\/11byty09zz\" role=\"button\" data-hveid=\"CCkQAQ\" data-ved=\"2ahUKEwiC5aeFkt6TAxWmTqQEHYsvCSo4ChDViQp6BAgpEAE\">\n<div class=\"cXedhc\">\n<div class=\"vwVdIc vyFC0c\">\n<div class=\"rllt__details\"><\/div>\n<\/div>\n<\/div>\n<\/div>\n<\/div>\n<div class=\"wLAgVc\">\n<div class=\"VDgVie btku5b FR7ZSc OJeuxf sjVJQd\">\n<div class=\"niO4u KnB5rb\"><\/div>\n<\/div>\n<\/div>\n<\/div>\n<\/div>\n<\/div>\n<div id=\"tsuid_qjrWaYLoFaadkdUPi9-k0AI_47\" class=\"w7Dbne\" data-record-click-time=\"false\" data-hveid=\"CCUQAA\">\n<div class=\"uMdZh tIxNaf\">\n<div class=\"VkpGBb\">\n<div class=\"mTwRT\">\n<div id=\"pv-\/g\/11j8zj1r4h\" role=\"button\" data-hveid=\"CCUQAQ\" data-ved=\"2ahUKEwiC5aeFkt6TAxWmTqQEHYsvCSo4ChDViQp6BAglEAE\">\n<div class=\"cXedhc\">\n<div class=\"vwVdIc vyFC0c\">\n<div>\n<div class=\"rllt__details\">\n<div class=\"dbg0pd\" role=\"heading\"><strong><span class=\"OSrXXb\">Compa\u00f1\u00eda Mar\u00eda del Mar Moreno<\/span><\/strong><\/div>\n<div>Compa\u00f1\u00eda de danza<\/div>\n<div>Calle Ponce, 6 \u00b7<\/div>\n<div>Telf +34 663 85 72 54<\/div>\n<\/div>\n<\/div>\n<\/div>\n<\/div>\n<\/div>\n<\/div>\n<div class=\"wLAgVc\">\n<div class=\"VDgVie btku5b FR7ZSc OJeuxf sjVJQd\"><\/div>\n<\/div>\n<\/div>\n<\/div>\n<\/div>\n<div class=\"dNtXMe\"><\/div>\n<div id=\"tsuid_qjrWaYLoFaadkdUPi9-k0AI_49\" class=\"w7Dbne\" data-record-click-time=\"false\" data-hveid=\"CCcQAA\">\n<div class=\"uMdZh tIxNaf\">\n<div class=\"VkpGBb\">\n<div class=\"mTwRT\">\n<div id=\"pv-\/g\/11cltgtny6\" role=\"button\" data-hveid=\"CCcQAQ\" data-ved=\"2ahUKEwiC5aeFkt6TAxWmTqQEHYsvCSo4ChDViQp6BAgnEAE\">\n<div class=\"cXedhc\">\n<div class=\"vwVdIc vyFC0c\">\n<div>\n<div class=\"rllt__details\">\n<div class=\"dbg0pd\" role=\"heading\"><strong><span class=\"OSrXXb\">Pe\u00f1a Flamenca La Buler\u00eda<\/span><\/strong><\/div>\n<div>Clases de Baile . Teatro flamenco<\/div>\n<div>C. Empedrada, 20 \u00b7<br \/>\nTelf +34 640 71 85 21<\/div>\n<div><\/div>\n<\/div>\n<\/div>\n<\/div>\n<\/div>\n<\/div>\n<\/div>\n<\/div>\n<\/div>\n<\/div>\n<\/div>\n<\/div>\n<\/div>\n<\/div>\n<\/div>\n<\/div>\n<\/div>\n<\/div>\n<\/div>\n<hr \/>\n<h3><strong>CARTELERIA<\/strong><\/h3>\n<hr \/>\n<p>&nbsp;<\/p>\n<p><img decoding=\"async\" class=\"aligncenter size-full wp-image-82274\" src=\"https:\/\/expoflamenco.com\/agenda\/wp-content\/uploads\/sites\/22\/2026\/01\/intensivo-sevillana.jpeg\" alt=\"\" width=\"1024\" height=\"1536\" srcset=\"https:\/\/expoflamenco.com\/agenda\/wp-content\/uploads\/sites\/22\/2026\/01\/intensivo-sevillana.jpeg 1024w, https:\/\/expoflamenco.com\/agenda\/wp-content\/uploads\/sites\/22\/2026\/01\/intensivo-sevillana-253x380.jpeg 253w, https:\/\/expoflamenco.com\/agenda\/wp-content\/uploads\/sites\/22\/2026\/01\/intensivo-sevillana-380x570.jpeg 380w, https:\/\/expoflamenco.com\/agenda\/wp-content\/uploads\/sites\/22\/2026\/01\/intensivo-sevillana-768x1152.jpeg 768w, https:\/\/expoflamenco.com\/agenda\/wp-content\/uploads\/sites\/22\/2026\/01\/intensivo-sevillana-750x1125.jpeg 750w\" sizes=\"(max-width: 1024px) 100vw, 1024px\" \/><\/p>\n<p><img decoding=\"async\" class=\"aligncenter size-full wp-image-82293\" src=\"https:\/\/expoflamenco.com\/agenda\/wp-content\/uploads\/sites\/22\/2026\/01\/1000334653.jpg\" alt=\"\" width=\"1080\" height=\"1080\" srcset=\"https:\/\/expoflamenco.com\/agenda\/wp-content\/uploads\/sites\/22\/2026\/01\/1000334653.jpg 1080w, https:\/\/expoflamenco.com\/agenda\/wp-content\/uploads\/sites\/22\/2026\/01\/1000334653-380x380.jpg 380w, https:\/\/expoflamenco.com\/agenda\/wp-content\/uploads\/sites\/22\/2026\/01\/1000334653-570x570.jpg 570w, https:\/\/expoflamenco.com\/agenda\/wp-content\/uploads\/sites\/22\/2026\/01\/1000334653-768x768.jpg 768w, https:\/\/expoflamenco.com\/agenda\/wp-content\/uploads\/sites\/22\/2026\/01\/1000334653-300x300.jpg 300w, https:\/\/expoflamenco.com\/agenda\/wp-content\/uploads\/sites\/22\/2026\/01\/1000334653-500x500.jpg 500w, https:\/\/expoflamenco.com\/agenda\/wp-content\/uploads\/sites\/22\/2026\/01\/1000334653-75x75.jpg 75w, https:\/\/expoflamenco.com\/agenda\/wp-content\/uploads\/sites\/22\/2026\/01\/1000334653-350x350.jpg 350w, https:\/\/expoflamenco.com\/agenda\/wp-content\/uploads\/sites\/22\/2026\/01\/1000334653-750x750.jpg 750w\" sizes=\"(max-width: 1080px) 100vw, 1080px\" \/><img decoding=\"async\" class=\"aligncenter size-full wp-image-82291\" src=\"https:\/\/expoflamenco.com\/agenda\/wp-content\/uploads\/sites\/22\/2026\/01\/1000334657.jpg\" alt=\"\" width=\"1543\" height=\"2048\" srcset=\"https:\/\/expoflamenco.com\/agenda\/wp-content\/uploads\/sites\/22\/2026\/01\/1000334657.jpg 1543w, https:\/\/expoflamenco.com\/agenda\/wp-content\/uploads\/sites\/22\/2026\/01\/1000334657-286x380.jpg 286w, https:\/\/expoflamenco.com\/agenda\/wp-content\/uploads\/sites\/22\/2026\/01\/1000334657-429x570.jpg 429w, https:\/\/expoflamenco.com\/agenda\/wp-content\/uploads\/sites\/22\/2026\/01\/1000334657-768x1019.jpg 768w, https:\/\/expoflamenco.com\/agenda\/wp-content\/uploads\/sites\/22\/2026\/01\/1000334657-1157x1536.jpg 1157w, https:\/\/expoflamenco.com\/agenda\/wp-content\/uploads\/sites\/22\/2026\/01\/1000334657-750x995.jpg 750w, https:\/\/expoflamenco.com\/agenda\/wp-content\/uploads\/sites\/22\/2026\/01\/1000334657-1140x1513.jpg 1140w\" sizes=\"(max-width: 1543px) 100vw, 1543px\" \/> <img decoding=\"async\" class=\"aligncenter size-full wp-image-82292\" src=\"https:\/\/expoflamenco.com\/agenda\/wp-content\/uploads\/sites\/22\/2026\/01\/ines-rubio.webp\" alt=\"\" width=\"734\" height=\"577\" srcset=\"https:\/\/expoflamenco.com\/agenda\/wp-content\/uploads\/sites\/22\/2026\/01\/ines-rubio.webp 734w, https:\/\/expoflamenco.com\/agenda\/wp-content\/uploads\/sites\/22\/2026\/01\/ines-rubio-483x380.webp 483w, https:\/\/expoflamenco.com\/agenda\/wp-content\/uploads\/sites\/22\/2026\/01\/ines-rubio-725x570.webp 725w\" sizes=\"(max-width: 734px) 100vw, 734px\" \/><\/p>\n<figure id=\"attachment_81987\" aria-describedby=\"caption-attachment-81987\" style=\"width: 300px\" class=\"wp-caption aligncenter\"><img decoding=\"async\" class=\"wp-image-81987\" src=\"https:\/\/expoflamenco.com\/agenda\/wp-content\/uploads\/sites\/22\/2026\/01\/sevillanas-bulerias-jerez-2026.jpg\" alt=\"\" width=\"300\" height=\"450\" srcset=\"https:\/\/expoflamenco.com\/agenda\/wp-content\/uploads\/sites\/22\/2026\/01\/sevillanas-bulerias-jerez-2026.jpg 1024w, https:\/\/expoflamenco.com\/agenda\/wp-content\/uploads\/sites\/22\/2026\/01\/sevillanas-bulerias-jerez-2026-253x380.jpg 253w, https:\/\/expoflamenco.com\/agenda\/wp-content\/uploads\/sites\/22\/2026\/01\/sevillanas-bulerias-jerez-2026-380x570.jpg 380w, https:\/\/expoflamenco.com\/agenda\/wp-content\/uploads\/sites\/22\/2026\/01\/sevillanas-bulerias-jerez-2026-768x1152.jpg 768w, https:\/\/expoflamenco.com\/agenda\/wp-content\/uploads\/sites\/22\/2026\/01\/sevillanas-bulerias-jerez-2026-750x1125.jpg 750w\" sizes=\"(max-width: 300px) 100vw, 300px\" \/><figcaption id=\"caption-attachment-81987\" class=\"wp-caption-text\">Clases de Bulerias y Sevillanas Intensivas &#8211; Studio Plenitud<\/figcaption><\/figure>\n<p><img decoding=\"async\" class=\"aligncenter wp-image-81456\" src=\"https:\/\/expoflamenco.com\/agenda\/wp-content\/uploads\/sites\/22\/2026\/01\/curso-2026-253x380.jpeg\" alt=\"\" width=\"301\" height=\"452\" srcset=\"https:\/\/expoflamenco.com\/agenda\/wp-content\/uploads\/sites\/22\/2026\/01\/curso-2026-253x380.jpeg 253w, https:\/\/expoflamenco.com\/agenda\/wp-content\/uploads\/sites\/22\/2026\/01\/curso-2026-380x570.jpeg 380w, https:\/\/expoflamenco.com\/agenda\/wp-content\/uploads\/sites\/22\/2026\/01\/curso-2026-768x1152.jpeg 768w, https:\/\/expoflamenco.com\/agenda\/wp-content\/uploads\/sites\/22\/2026\/01\/curso-2026-750x1125.jpeg 750w, https:\/\/expoflamenco.com\/agenda\/wp-content\/uploads\/sites\/22\/2026\/01\/curso-2026.jpeg 1024w\" sizes=\"(max-width: 301px) 100vw, 301px\" \/><\/p>\n<p>&nbsp;<\/p>\n<p><img decoding=\"async\" class=\"wp-image-81490 aligncenter\" style=\"color: #53585c;font-size: 12.75px;background-color: #f7f7f7\" src=\"https:\/\/expoflamenco.com\/agenda\/wp-content\/uploads\/sites\/22\/2026\/01\/baile-jerez-escuela-clases.webp\" alt=\"\" width=\"300\" height=\"234\" srcset=\"https:\/\/expoflamenco.com\/agenda\/wp-content\/uploads\/sites\/22\/2026\/01\/baile-jerez-escuela-clases.webp 697w, https:\/\/expoflamenco.com\/agenda\/wp-content\/uploads\/sites\/22\/2026\/01\/baile-jerez-escuela-clases-487x380.webp 487w\" sizes=\"(max-width: 300px) 100vw, 300px\" \/><img decoding=\"async\" class=\"wp-image-81488 aligncenter\" style=\"color: #53585c;font-size: 12.75px;background-color: #f7f7f7\" src=\"https:\/\/expoflamenco.com\/agenda\/wp-content\/uploads\/sites\/22\/2025\/08\/CURSO-BALLET-FLAMENNCO-381x380.webp\" alt=\"\" width=\"300\" height=\"299\" srcset=\"https:\/\/expoflamenco.com\/agenda\/wp-content\/uploads\/sites\/22\/2025\/08\/CURSO-BALLET-FLAMENNCO-381x380.webp 381w, https:\/\/expoflamenco.com\/agenda\/wp-content\/uploads\/sites\/22\/2025\/08\/CURSO-BALLET-FLAMENNCO-571x570.webp 571w, https:\/\/expoflamenco.com\/agenda\/wp-content\/uploads\/sites\/22\/2025\/08\/CURSO-BALLET-FLAMENNCO-768x766.webp 768w, https:\/\/expoflamenco.com\/agenda\/wp-content\/uploads\/sites\/22\/2025\/08\/CURSO-BALLET-FLAMENNCO-300x300.webp 300w, https:\/\/expoflamenco.com\/agenda\/wp-content\/uploads\/sites\/22\/2025\/08\/CURSO-BALLET-FLAMENNCO-500x500.webp 500w, https:\/\/expoflamenco.com\/agenda\/wp-content\/uploads\/sites\/22\/2025\/08\/CURSO-BALLET-FLAMENNCO-75x75.webp 75w, https:\/\/expoflamenco.com\/agenda\/wp-content\/uploads\/sites\/22\/2025\/08\/CURSO-BALLET-FLAMENNCO-350x350.webp 350w, https:\/\/expoflamenco.com\/agenda\/wp-content\/uploads\/sites\/22\/2025\/08\/CURSO-BALLET-FLAMENNCO-750x748.webp 750w, https:\/\/expoflamenco.com\/agenda\/wp-content\/uploads\/sites\/22\/2025\/08\/CURSO-BALLET-FLAMENNCO.webp 784w\" sizes=\"(max-width: 300px) 100vw, 300px\" \/><\/p>\n<figure id=\"attachment_79802\" aria-describedby=\"caption-attachment-79802\" style=\"width: 300px\" class=\"wp-caption aligncenter\"><img decoding=\"async\" class=\"wp-image-79802\" src=\"https:\/\/expoflamenco.com\/agenda\/wp-content\/uploads\/sites\/22\/2025\/04\/cursos.webp\" alt=\"\" width=\"300\" height=\"336\" srcset=\"https:\/\/expoflamenco.com\/agenda\/wp-content\/uploads\/sites\/22\/2025\/04\/cursos.webp 712w, https:\/\/expoflamenco.com\/agenda\/wp-content\/uploads\/sites\/22\/2025\/04\/cursos-268x300.webp 268w\" sizes=\"(max-width: 300px) 100vw, 300px\" \/><figcaption id=\"caption-attachment-79802\" class=\"wp-caption-text\">www.chiquidejere.es<\/figcaption><\/figure>\n<p><img decoding=\"async\" class=\"wp-image-81491 aligncenter\" src=\"https:\/\/expoflamenco.com\/agenda\/wp-content\/uploads\/sites\/22\/2026\/01\/baile-jerez-escuela-sevillana.webp\" alt=\"\" width=\"300\" height=\"190\" srcset=\"https:\/\/expoflamenco.com\/agenda\/wp-content\/uploads\/sites\/22\/2026\/01\/baile-jerez-escuela-sevillana.webp 800w, https:\/\/expoflamenco.com\/agenda\/wp-content\/uploads\/sites\/22\/2026\/01\/baile-jerez-escuela-sevillana-600x380.webp 600w, https:\/\/expoflamenco.com\/agenda\/wp-content\/uploads\/sites\/22\/2026\/01\/baile-jerez-escuela-sevillana-768x487.webp 768w, https:\/\/expoflamenco.com\/agenda\/wp-content\/uploads\/sites\/22\/2026\/01\/baile-jerez-escuela-sevillana-750x475.webp 750w\" sizes=\"(max-width: 300px) 100vw, 300px\" \/><\/p>\n<p>&nbsp;<\/p>\n<p>&nbsp;<\/p>\n<hr \/>\n<hr \/>\n<h5 style=\"text-align: center\"><strong>CURSO DE VER<\/strong><strong>ANO 2<\/strong><strong>025<\/strong><\/h5>\n<hr \/>\n<figure id=\"attachment_80248\" aria-describedby=\"caption-attachment-80248\" style=\"width: 300px\" class=\"wp-caption aligncenter\"><img decoding=\"async\" class=\"wp-image-80248\" src=\"https:\/\/expoflamenco.com\/agenda\/wp-content\/uploads\/sites\/22\/2025\/08\/2025-07-07-CURSO-BAILE-PARA-FIESTA-POR-BULERIAS-STORIES.jpg\" alt=\"\" width=\"300\" height=\"533\" srcset=\"https:\/\/expoflamenco.com\/agenda\/wp-content\/uploads\/sites\/22\/2025\/08\/2025-07-07-CURSO-BAILE-PARA-FIESTA-POR-BULERIAS-STORIES.jpg 1080w, https:\/\/expoflamenco.com\/agenda\/wp-content\/uploads\/sites\/22\/2025\/08\/2025-07-07-CURSO-BAILE-PARA-FIESTA-POR-BULERIAS-STORIES-169x300.jpg 169w, https:\/\/expoflamenco.com\/agenda\/wp-content\/uploads\/sites\/22\/2025\/08\/2025-07-07-CURSO-BAILE-PARA-FIESTA-POR-BULERIAS-STORIES-768x1365.jpg 768w, https:\/\/expoflamenco.com\/agenda\/wp-content\/uploads\/sites\/22\/2025\/08\/2025-07-07-CURSO-BAILE-PARA-FIESTA-POR-BULERIAS-STORIES-576x1024.jpg 576w, https:\/\/expoflamenco.com\/agenda\/wp-content\/uploads\/sites\/22\/2025\/08\/2025-07-07-CURSO-BAILE-PARA-FIESTA-POR-BULERIAS-STORIES-864x1536.jpg 864w, https:\/\/expoflamenco.com\/agenda\/wp-content\/uploads\/sites\/22\/2025\/08\/2025-07-07-CURSO-BAILE-PARA-FIESTA-POR-BULERIAS-STORIES-750x1333.jpg 750w\" sizes=\"(max-width: 300px) 100vw, 300px\" \/><figcaption id=\"caption-attachment-80248\" class=\"wp-caption-text\">Curso de Buleria &#8211; Fiesta de la Buleria 2025 -Jerez<\/figcaption><\/figure>\n<figure id=\"attachment_80223\" aria-describedby=\"caption-attachment-80223\" style=\"width: 300px\" class=\"wp-caption aligncenter\"><img decoding=\"async\" class=\"wp-image-80223\" src=\"https:\/\/expoflamenco.com\/agenda\/wp-content\/uploads\/sites\/22\/2025\/04\/2025-06-19-CAMPAMENTO-FLAMENCO-DE-VERANO-RRSS-750x937-1.jpg\" alt=\"\" width=\"300\" height=\"375\" srcset=\"https:\/\/expoflamenco.com\/agenda\/wp-content\/uploads\/sites\/22\/2025\/04\/2025-06-19-CAMPAMENTO-FLAMENCO-DE-VERANO-RRSS-750x937-1.jpg 750w, https:\/\/expoflamenco.com\/agenda\/wp-content\/uploads\/sites\/22\/2025\/04\/2025-06-19-CAMPAMENTO-FLAMENCO-DE-VERANO-RRSS-750x937-1-240x300.jpg 240w\" sizes=\"(max-width: 300px) 100vw, 300px\" \/><figcaption id=\"caption-attachment-80223\" class=\"wp-caption-text\">Marga Flores &#8211; curso de verano 2025 &#8211; www.cursosdeflamenco.com<\/figcaption><\/figure>\n<div class=\"mceTemp\"><\/div>\n<hr \/>\n<h4><em>\u00bfQuieres que tu ESCUELA\/ESTUDIO aparezca en nuestra agenda? Es totalmente gratuito: Env\u00edanos la informaci\u00f3n lo m\u00e1s completa posible. Y si quieres anunciarte con nosotros, tenemos muchas opciones. Env\u00edanos un mensaje a <strong>agenda@expoflamenco.com.<\/strong><\/em><\/h4>\n","protected":false,"gt_translate_keys":[{"key":"rendered","format":"html"}]},"excerpt":{"rendered":"<p>Clases de Baile en Jerez de la Frontera. Cursos de verano, festival, clases intensivas y clases regulares 2025.<br \/>\nCarteleria de las escuelas, estudios y profesores en Jerez.<\/p>\n","protected":false,"gt_translate_keys":[{"key":"rendered","format":"html"}]},"author":56,"featured_media":82332,"comment_status":"open","ping_status":"open","sticky":true,"template":"","format":"standard","meta":{"_acf_changed":false,"pmpro_default_level":"","jnews-multi-image_gallery":[],"jnews_single_post":{"format":"standard","override":[{"template":"3","parallax":"1","fullscreen":"1","layout":"right-sidebar","sidebar":"default-sidebar","second_sidebar":"default-sidebar","sticky_sidebar":"1","share_position":"bottom","share_float_style":"share-monocrhome","show_share_counter":"1","show_view_counter":"1","show_featured":"1","show_post_meta":"1","show_post_author_image":"1","show_post_date":"1","post_date_format":"default","post_date_format_custom":"Y\/m\/d","show_post_category":"1","show_post_reading_time":"1","post_reading_time_wpm":"300","post_calculate_word_method":"str_word_count","zoom_button_out_step":"2","zoom_button_in_step":"3","show_post_tag":"1","show_popup_post":"1","number_popup_post":"1","show_post_related":"1","show_comment_section":"1"}],"image_override":[{"single_post_thumbnail_size":"crop-500","single_post_gallery_size":"crop-500"}],"trending_post_position":"meta","trending_post_label":"Trending","sponsored_post_label":"Sponsored by","disable_ad":"0","subtitle":"Escuelas de Flamenco, cursos regulares, clases intensivas, de verano y m\u00e1s","jnews_video_option_group":[[]]},"jnews_primary_category":[],"jnews_override_bookmark_settings":{"override_bookmark_button":"0","override_show_bookmark_button":"0"},"jnews_social_meta":[],"jnews_review":[],"enable_review":"","type":"percentage","name":"","summary":"","brand":"","sku":"","good":[],"bad":[],"score_override":"","override_value":"","rating":[],"price":[],"jnews_override_counter":{"view_counter_number":"0","share_counter_number":"0","like_counter_number":"0","dislike_counter_number":"0"},"jnews_post_split":{"post_split":[{"template":"1","tag":"h2","numbering":"asc","mode":"normal","first":"0","enable_toc":"0","toc_type":"normal"}]},"footnotes":""},"categories":[110,288,1341,1958,1957],"tags":[1898,1468,745],"class_list":["post-79384","post","type-post","status-publish","format-standard","has-post-thumbnail","hentry","category-actualidad-agenda","category-baile","category-cursos","category-escuelas-de-baile","category-guia-de-flamenco","tag-clases-regulares","tag-curso-intensivo","tag-jerez-de-la-frontera","pmpro-has-access"],"acf":[],"aioseo_notices":[],"gt_translate_keys":[{"key":"link","format":"url"}],"_links":{"self":[{"href":"https:\/\/expoflamenco.com\/agenda\/wp-json\/wp\/v2\/posts\/79384","targetHints":{"allow":["GET"]}}],"collection":[{"href":"https:\/\/expoflamenco.com\/agenda\/wp-json\/wp\/v2\/posts"}],"about":[{"href":"https:\/\/expoflamenco.com\/agenda\/wp-json\/wp\/v2\/types\/post"}],"author":[{"embeddable":true,"href":"https:\/\/expoflamenco.com\/agenda\/wp-json\/wp\/v2\/users\/56"}],"replies":[{"embeddable":true,"href":"https:\/\/expoflamenco.com\/agenda\/wp-json\/wp\/v2\/comments?post=79384"}],"version-history":[{"count":2,"href":"https:\/\/expoflamenco.com\/agenda\/wp-json\/wp\/v2\/posts\/79384\/revisions"}],"predecessor-version":[{"id":82302,"href":"https:\/\/expoflamenco.com\/agenda\/wp-json\/wp\/v2\/posts\/79384\/revisions\/82302"}],"wp:featuredmedia":[{"embeddable":true,"href":"https:\/\/expoflamenco.com\/agenda\/wp-json\/wp\/v2\/media\/82332"}],"wp:attachment":[{"href":"https:\/\/expoflamenco.com\/agenda\/wp-json\/wp\/v2\/media?parent=79384"}],"wp:term":[{"taxonomy":"category","embeddable":true,"href":"https:\/\/expoflamenco.com\/agenda\/wp-json\/wp\/v2\/categories?post=79384"},{"taxonomy":"post_tag","embeddable":true,"href":"https:\/\/expoflamenco.com\/agenda\/wp-json\/wp\/v2\/tags?post=79384"}],"curies":[{"name":"wp","href":"https:\/\/api.w.org\/{rel}","templated":true}]}}