{"id":59169,"date":"2024-10-31T13:34:57","date_gmt":"2024-10-31T12:34:57","guid":{"rendered":"https:\/\/expoflamenco.com\/agenda\/?p=59169"},"modified":"2024-10-31T13:49:45","modified_gmt":"2024-10-31T12:49:45","slug":"bbf-bilbao-flamenco-faktoria-dani-de-moron","status":"publish","type":"post","link":"https:\/\/expoflamenco.com\/agenda\/bbf-bilbao-flamenco-faktoria-dani-de-moron\/","title":{"rendered":"BBF- Bilbao Flamenco Faktoria &#8211; Dani de Mor\u00f3n","gt_translate_keys":[{"key":"rendered","format":"text"}]},"content":{"rendered":"<h3><strong>&#8211; ABENDUAK 13, 14 de DICIEMBRE&#8211;<\/strong><\/h3>\n<h3><i>Dani de Mor\u00f3n estar\u00e1 en D8 Sorkuntza Faktoria presentando el proyecto #LIFESKETCHING. Dos noches \u00fanicas para disfrutar de su maestr\u00eda.\u00a0<\/i><\/h3>\n<p>Dani de Mor\u00f3n es un creador que conoce profundamente la tradici\u00f3n del toque flamenco, y que a la vez se atreve a empaparse de otros sonidos, a explorar la m\u00fasica contempor\u00e1nea. Ra\u00edz y vanguardia. Su guitarra, arraigada en la tradici\u00f3n y proyectada hacia nuevas expresiones, promete una velada que cautivar\u00e1 a los amantes del flamenco.<\/p>\n<p>En sus pr\u00f3ximas actuaciones en D8 Sorkuntza Faktoria, Dani de Mor\u00f3n interpretara el proyecto #LifeSketching, una obra en la que, junto a la percusi\u00f3n, captura la esencia de la vida urbana con una composici\u00f3n libre que explora nuevos ritmos y armon\u00edas. Con esta creaci\u00f3n, Dani trasciende las estructuras flamencas tradicionales, creando una experiencia inmersiva que refleja el pulso y la profundidad de la metr\u00f3polis moderna.<\/p>\n<p>Esta es una ocasi\u00f3n \u00fanica para disfrutar de un artista en la cima de su carrera. No te pierdas la oportunidad de vivir el flamenco como nunca antes y de ser parte de estas veladas especiales en D8 Sorkuntza Faktoria.<br \/>\n\u00ad<br \/>\n<strong>SOBRE DANI DE MOR\u00d3N<br \/>\n<\/strong>Dani de Mor\u00f3n es uno de los guitarristas flamencos m\u00e1s laureados de las \u00faltimas d\u00e9cadas. Ha recibido, entre otros galardones, dos Giraldillos de la Bienal de Flamenco de Sevilla y una nominaci\u00f3n a los premios Grammy Latinos en 2018 como Mejor \u00c1lbum de Flamenco por su disco 21.<\/p>\n<p>Se inicia en la guitarra en el flamenco en el pueblo sevillano de Mor\u00f3n de la Frontera, donde Diego del Gastor dej\u00f3 asentada una fuerte tradici\u00f3n guitarr\u00edstica. Forjado en el acompa\u00f1amiento al baile en la academia de la maestra trianera Matilde Coral y al cante, junto a los m\u00e1s importantes cantaores\/as y bailaores\/as del actual panorama flamenco, ha sido acompa\u00f1ante habitual de artistas de la talla de Jos\u00e9 Merc\u00e9, Antonio Canales, Manuela Carrasco, Joaqu\u00edn Grilo, Arc\u00e1ngel, Concha Buika o el mismo Paco de Luc\u00eda \u2013con qui\u00e9n realiz\u00f3 la gira del disco Cositas buenas- al reparar el maestro en las virtuosas cualidades del joven guitarrista, lo que lo catapultar\u00eda definitivamente hasta la primera l\u00ednea internacional de la guitarra contempor\u00e1nea.<\/p>\n<p>Son constantes en su evoluci\u00f3n como artista la inquietud, el encuentro y trasvase con otros sonidos e instrumentos propios de m\u00fasicas m\u00e1s all\u00e1 del flamenco, destacando especialmente su conexi\u00f3n con el jazz.<\/p>\n<p>Su producci\u00f3n discogr\u00e1fica incluye los \u00e1lbumes Cambio de sentido (2012), El sonido de mi libertad (2015), 21 (2018), Creer para ver, estrenado en en la Bienal de Flamenco de Sevilla 2020. En 2022, present\u00f3 en el Festival de N\u00eemes \u00abCarte Blanche\u00bb, un formato de concierto en solitario que consolid\u00f3 su posici\u00f3n como referente internacional de la guitarra flamenca. Su destacada participaci\u00f3n en la Bienal de Flamenco de Sevilla en septiembre de 2022, con concierto propio y colaboraciones de alto nivel, marc\u00f3 un hito en su carrera.<\/p>\n<p>El virtuoso guitarrista flamenco, desaf\u00eda una vez m\u00e1s los l\u00edmites del arte con su m\u00e1s reciente \u00e1lbum, \u2018Empat\u00eda\u2018, lanzado oficialmente el viernes 26 de enero de 2024.<\/p>\n<p><a class=\"btn btn-default\" href=\"https:\/\/expoflamenco.com\/agenda\/eventos\/bbf-bilbao-flamenco-faktoria-dani-de-moron\/\">Ver Programaci\u00f3n<\/a><\/p>\n<p>&nbsp;<\/p>\n<figure id=\"attachment_59172\" aria-describedby=\"caption-attachment-59172\" style=\"width: 1200px\" class=\"wp-caption aligncenter\"><img decoding=\"async\" class=\"wp-image-59172 size-full\" src=\"http:\/\/expoflamenco.com\/agenda\/wp-content\/uploads\/sites\/22\/2024\/10\/dani-moron-tocando-guitarra.jpg\" alt=\"Dani de Moron tocando la guitarra\" width=\"1200\" height=\"800\" srcset=\"https:\/\/expoflamenco.com\/agenda\/wp-content\/uploads\/sites\/22\/2024\/10\/dani-moron-tocando-guitarra.jpg 1200w, https:\/\/expoflamenco.com\/agenda\/wp-content\/uploads\/sites\/22\/2024\/10\/dani-moron-tocando-guitarra-300x200.jpg 300w, https:\/\/expoflamenco.com\/agenda\/wp-content\/uploads\/sites\/22\/2024\/10\/dani-moron-tocando-guitarra-1024x683.jpg 1024w, https:\/\/expoflamenco.com\/agenda\/wp-content\/uploads\/sites\/22\/2024\/10\/dani-moron-tocando-guitarra-768x512.jpg 768w, https:\/\/expoflamenco.com\/agenda\/wp-content\/uploads\/sites\/22\/2024\/10\/dani-moron-tocando-guitarra-391x260.jpg 391w, https:\/\/expoflamenco.com\/agenda\/wp-content\/uploads\/sites\/22\/2024\/10\/dani-moron-tocando-guitarra-750x500.jpg 750w, https:\/\/expoflamenco.com\/agenda\/wp-content\/uploads\/sites\/22\/2024\/10\/dani-moron-tocando-guitarra-1140x760.jpg 1140w\" sizes=\"(max-width: 1200px) 100vw, 1200px\" \/><figcaption id=\"caption-attachment-59172\" class=\"wp-caption-text\">Dani de Mor\u00f3n tocando la guitarra<\/figcaption><\/figure>\n<p>\u00ad<br \/>\n\u00ad \u00ad \u00ad<\/p>\n","protected":false,"gt_translate_keys":[{"key":"rendered","format":"html"}]},"excerpt":{"rendered":"<p>Dani de Mor\u00f3n estar\u00e1 en D8 Sorkuntza Faktoria presentando el proyecto #LIFESKETCHING. Dos noches \u00fanicas para disfrutar de su maestr\u00eda.\u00a0<\/p>\n","protected":false,"gt_translate_keys":[{"key":"rendered","format":"html"}]},"author":56,"featured_media":59171,"comment_status":"open","ping_status":"open","sticky":false,"template":"","format":"standard","meta":{"_acf_changed":false,"pmpro_default_level":"","jnews-multi-image_gallery":[],"jnews_single_post":{"subtitle":"Dos noches \u00fanicas para disfrutar de su maestr\u00eda. Presentando el proyecto #LIFESKETCHING en D8 Sorkuntza Faktoria","format":"standard","override":[{"template":"3","parallax":"1","fullscreen":"1","layout":"right-sidebar","sidebar":"default-sidebar","second_sidebar":"default-sidebar","sticky_sidebar":"1","share_position":"bottom","share_float_style":"share-monocrhome","show_share_counter":"1","show_view_counter":"1","show_featured":"1","show_post_meta":"1","show_post_author":"1","show_post_author_image":"1","show_post_date":"1","post_date_format":"default","post_date_format_custom":"Y\/m\/d","show_post_category":"1","show_post_reading_time":"1","post_reading_time_wpm":"300","post_calculate_word_method":"str_word_count","zoom_button_out_step":"2","zoom_button_in_step":"3","show_post_tag":"1","show_popup_post":"1","number_popup_post":"1","show_post_related":"1","show_inline_post_related":"1"}],"image_override":[{"single_post_thumbnail_size":"crop-500","single_post_gallery_size":"crop-500"}],"trending_post_position":"meta","trending_post_label":"Tendencias","sponsored_post_label":"Patrocinado por","disable_ad":"0"},"jnews_primary_category":[],"jnews_override_bookmark_settings":{"override_bookmark_button":"0","override_show_bookmark_button":"0"},"jnews_social_meta":[],"jnews_review":[],"enable_review":"","type":"","name":"","summary":"","brand":"","sku":"","good":[],"bad":[],"score_override":"","override_value":"","rating":[],"price":[],"jnews_override_counter":{"view_counter_number":"0","share_counter_number":"0","like_counter_number":"0","dislike_counter_number":"0"},"jnews_post_split":[],"footnotes":""},"categories":[1,324],"tags":[993,752,991,992,383],"class_list":["post-59169","post","type-post","status-publish","format-standard","has-post-thumbnail","hentry","category-concierto","category-guitarra","tag-bff","tag-bilbao","tag-dani-de-moron","tag-faktoria","tag-guitarra-flamenca","pmpro-has-access"],"acf":[],"aioseo_notices":[],"gt_translate_keys":[{"key":"link","format":"url"}],"_links":{"self":[{"href":"https:\/\/expoflamenco.com\/agenda\/wp-json\/wp\/v2\/posts\/59169","targetHints":{"allow":["GET"]}}],"collection":[{"href":"https:\/\/expoflamenco.com\/agenda\/wp-json\/wp\/v2\/posts"}],"about":[{"href":"https:\/\/expoflamenco.com\/agenda\/wp-json\/wp\/v2\/types\/post"}],"author":[{"embeddable":true,"href":"https:\/\/expoflamenco.com\/agenda\/wp-json\/wp\/v2\/users\/56"}],"replies":[{"embeddable":true,"href":"https:\/\/expoflamenco.com\/agenda\/wp-json\/wp\/v2\/comments?post=59169"}],"version-history":[{"count":0,"href":"https:\/\/expoflamenco.com\/agenda\/wp-json\/wp\/v2\/posts\/59169\/revisions"}],"wp:featuredmedia":[{"embeddable":true,"href":"https:\/\/expoflamenco.com\/agenda\/wp-json\/wp\/v2\/media\/59171"}],"wp:attachment":[{"href":"https:\/\/expoflamenco.com\/agenda\/wp-json\/wp\/v2\/media?parent=59169"}],"wp:term":[{"taxonomy":"category","embeddable":true,"href":"https:\/\/expoflamenco.com\/agenda\/wp-json\/wp\/v2\/categories?post=59169"},{"taxonomy":"post_tag","embeddable":true,"href":"https:\/\/expoflamenco.com\/agenda\/wp-json\/wp\/v2\/tags?post=59169"}],"curies":[{"name":"wp","href":"https:\/\/api.w.org\/{rel}","templated":true}]}}