{"id":59125,"date":"2024-10-28T13:46:51","date_gmt":"2024-10-28T12:46:51","guid":{"rendered":"https:\/\/expoflamenco.com\/agenda\/?p=59125"},"modified":"2024-10-29T11:52:16","modified_gmt":"2024-10-29T10:52:16","slug":"exposicion-los-machado-retrato-de-familia","status":"publish","type":"post","link":"https:\/\/expoflamenco.com\/agenda\/exposicion-los-machado-retrato-de-familia\/","title":{"rendered":"Exposici\u00f3n \u2018Los Machado, retrato de familia\u2019","gt_translate_keys":[{"key":"rendered","format":"text"}]},"content":{"rendered":"<div class=\"entry-header\">\n<h3 class=\"jeg_post_subtitle\">Desde el 22 de octubre hasta el 22 de diciembre podremos disfrutar de la magna exposici\u00f3n que lleva por t\u00edtulo &#8216;Los Machado, retrato de familia&#8217;, comisariada por Alfonso Guerra, coordinada por Eva D\u00edaz P\u00e9rez e inaugurada por el rey Felipe VI. Est\u00e1 situada en lo que era la F\u00e1brica de Artiller\u00eda, en la Avenida de Eduardo Dato, frontera con el torero barrio de San Bernardo.<\/h3>\n<div class=\"jeg_meta_container\">\n<div class=\"jeg_post_meta jeg_post_meta_2\">\n<div class=\"meta_left\"><img decoding=\"async\" class=\"aligncenter wp-image-59130 size-full\" src=\"http:\/\/expoflamenco.com\/agenda\/wp-content\/uploads\/sites\/22\/2024\/10\/expoflamenco-exposicion-los-machado-retrato-de-familia-1a-cipriana-alvarez-duran-abuela-de-los-poetas.jpg.webp\" alt=\"Cipriana Alvarez foto en blanco y negro\" width=\"1140\" height=\"570\" srcset=\"https:\/\/expoflamenco.com\/agenda\/wp-content\/uploads\/sites\/22\/2024\/10\/expoflamenco-exposicion-los-machado-retrato-de-familia-1a-cipriana-alvarez-duran-abuela-de-los-poetas.jpg.webp 1140w, https:\/\/expoflamenco.com\/agenda\/wp-content\/uploads\/sites\/22\/2024\/10\/expoflamenco-exposicion-los-machado-retrato-de-familia-1a-cipriana-alvarez-duran-abuela-de-los-poetas.jpg-300x150.webp 300w, https:\/\/expoflamenco.com\/agenda\/wp-content\/uploads\/sites\/22\/2024\/10\/expoflamenco-exposicion-los-machado-retrato-de-familia-1a-cipriana-alvarez-duran-abuela-de-los-poetas.jpg-1024x512.webp 1024w, https:\/\/expoflamenco.com\/agenda\/wp-content\/uploads\/sites\/22\/2024\/10\/expoflamenco-exposicion-los-machado-retrato-de-familia-1a-cipriana-alvarez-duran-abuela-de-los-poetas.jpg-768x384.webp 768w, https:\/\/expoflamenco.com\/agenda\/wp-content\/uploads\/sites\/22\/2024\/10\/expoflamenco-exposicion-los-machado-retrato-de-familia-1a-cipriana-alvarez-duran-abuela-de-los-poetas.jpg-360x180.webp 360w, https:\/\/expoflamenco.com\/agenda\/wp-content\/uploads\/sites\/22\/2024\/10\/expoflamenco-exposicion-los-machado-retrato-de-familia-1a-cipriana-alvarez-duran-abuela-de-los-poetas.jpg-750x375.webp 750w\" sizes=\"(max-width: 1140px) 100vw, 1140px\" \/><\/div>\n<div class=\"meta_right\">\n<div class=\"jeg_meta_comment\">\n<div class=\"jeg_featured featured_image \">\n<div class=\"thumbnail-container animate-lazy\"><\/div>\n<p class=\"wp-caption-text\">Cipriana \u00c1lvarez Dur\u00e1n, abuela de los poetas. Exposici\u00f3n &#8216;Los Machado, retrato de familia&#8217;. F\u00e1brica de Artiller\u00eda, Sevilla.<\/p>\n<\/div>\n<div class=\"entry-content no-share\">\n<div class=\"content-inner \">\n<p>Desde el 22 de octubre hasta el 22 de diciembre podremos disfrutar de la magna exposici\u00f3n que lleva por t\u00edtulo\u00a0<strong><em>Los Machado, retrato de familia<\/em><\/strong>, comisariada por\u00a0<strong>Alfonso Guerra<\/strong>, coordinada por\u00a0<strong>Eva D\u00edaz P\u00e9rez<\/strong>\u00a0e inaugurada por el rey\u00a0<strong>Felipe VI<\/strong>. Est\u00e1 situada en lo que era la F\u00e1brica de Artiller\u00eda, en la Avenida de Eduardo Dato, frontera con el torero barrio de San Bernardo. En ella podemos palpar las dimensiones humanas y divinas de una de las sagas literarias m\u00e1s importantes \u2013si no la m\u00e1s\u2014 de nuestras letras. El culmen de la misma son los hermanos\u00a0<strong>Manuel<\/strong>\u00a0y\u00a0<strong>Antonio<\/strong>, pero ese cesto se hizo con los mimbres de su padre, patr\u00f3n del folklorismo andaluz, e incluso con los de sus abuelos,\u00a0<strong>Antonio<\/strong>\u00a0\u2014azote de bandoleros y contrabandistas cuando fue gobernador provincial\u2014 y\u00a0<strong>Cipriana<\/strong>.<\/p>\n<p>El retrato flamenco de esta familia lo preside, junto a su marido, Cipriana, con el pelo recogido, las manos en el regazo y una mirada serena y, a la vez, segura: \u201cla mujer de los cuentos\u201d. As\u00ed la llamaban en Llerena, provincia de Badajoz, cuando all\u00ed viv\u00eda con su familia, que los Machado han sido n\u00f3madas a la fuerza desde los tiempos de los tiempos. All\u00ed tiene un parque rotulado con su nombre \u2014\u00bfpara cu\u00e1ndo en Sevilla?\u2014.<\/p>\n<\/div>\n<p>\u00bfQuieres saber m\u00e1s?<\/p>\n<p><a class=\"btn btn-default\" style=\"color: #212121\" href=\"https:\/\/expoflamenco.com\/prensa\/los-machado-retrato-de-familia-i-cipriana-la-mujer-de-los-cuentos\/\">ARTICULO 01- CIPRIANA<\/a><\/p>\n<div class=\"entry-content no-share\">\n<p><em>\u00a0*Primera de cuatro entregas. Continuar\u00e1.<\/em><\/p>\n<\/div>\n<p><a class=\"btn btn-default\" href=\"https:\/\/expoflamenco.com\/agenda\/eventos\/exposicion-los-machado-retrato-de-familia\/\">Ver Programaci\u00f3n<\/a><\/p>\n<\/div>\n<\/div>\n<\/div>\n<\/div>\n<\/div>\n<\/div>\n<div class=\"row\">\n<div class=\"jeg_main_content col-md-8\">\n<div class=\"jeg_inner_content\">\n<div class=\"entry-content no-share\">\n<p>&nbsp;<\/p>\n<\/div>\n<\/div>\n<\/div>\n<\/div>\n","protected":false,"gt_translate_keys":[{"key":"rendered","format":"html"}]},"excerpt":{"rendered":"<p>Desde el 22 de octubre hasta el 22 de diciembre podremos disfrutar de la magna exposici\u00f3n que lleva por t\u00edtulo &#8216;Los Machado, retrato de familia&#8217;, comisariada por Alfonso Guerra, coordinada por Eva D\u00edaz P\u00e9rez e inaugurada por el rey Felipe VI.<\/p>\n","protected":false,"gt_translate_keys":[{"key":"rendered","format":"html"}]},"author":56,"featured_media":59126,"comment_status":"open","ping_status":"open","sticky":false,"template":"","format":"standard","meta":{"_acf_changed":false,"pmpro_default_level":"","jnews-multi-image_gallery":[],"jnews_single_post":{"format":"standard","override":[{"template":"3","parallax":"1","fullscreen":"1","layout":"right-sidebar","sidebar":"default-sidebar","second_sidebar":"default-sidebar","sticky_sidebar":"1","share_position":"bottom","share_float_style":"share-monocrhome","show_share_counter":"1","show_view_counter":"1","show_featured":"1","show_post_meta":"1","show_post_author":"1","show_post_author_image":"1","show_post_date":"1","post_date_format":"default","post_date_format_custom":"Y\/m\/d","show_post_category":"1","show_post_reading_time":"1","post_reading_time_wpm":"300","post_calculate_word_method":"str_word_count","zoom_button_out_step":"2","zoom_button_in_step":"3","show_post_tag":"1","show_popup_post":"1","number_popup_post":"1","show_post_related":"1","show_inline_post_related":"1"}],"image_override":[{"single_post_thumbnail_size":"crop-500","single_post_gallery_size":"crop-500"}],"trending_post_position":"meta","trending_post_label":"Tendencias","sponsored_post_label":"Patrocinado por","disable_ad":"0"},"jnews_primary_category":[],"jnews_override_bookmark_settings":{"override_bookmark_button":"0","override_show_bookmark_button":"0"},"jnews_social_meta":[],"jnews_review":[],"enable_review":"","type":"","name":"","summary":"","brand":"","sku":"","good":[],"bad":[],"score_override":"","override_value":"","rating":[],"price":[],"jnews_override_counter":{"view_counter_number":"0","share_counter_number":"0","like_counter_number":"0","dislike_counter_number":"0"},"jnews_post_split":[],"footnotes":""},"categories":[663],"tags":[969,637,130],"class_list":["post-59125","post","type-post","status-publish","format-standard","has-post-thumbnail","hentry","category-exposicion","tag-demofilo","tag-exposicion","tag-flamenco","pmpro-has-access"],"acf":[],"aioseo_notices":[],"gt_translate_keys":[{"key":"link","format":"url"}],"_links":{"self":[{"href":"https:\/\/expoflamenco.com\/agenda\/wp-json\/wp\/v2\/posts\/59125","targetHints":{"allow":["GET"]}}],"collection":[{"href":"https:\/\/expoflamenco.com\/agenda\/wp-json\/wp\/v2\/posts"}],"about":[{"href":"https:\/\/expoflamenco.com\/agenda\/wp-json\/wp\/v2\/types\/post"}],"author":[{"embeddable":true,"href":"https:\/\/expoflamenco.com\/agenda\/wp-json\/wp\/v2\/users\/56"}],"replies":[{"embeddable":true,"href":"https:\/\/expoflamenco.com\/agenda\/wp-json\/wp\/v2\/comments?post=59125"}],"version-history":[{"count":0,"href":"https:\/\/expoflamenco.com\/agenda\/wp-json\/wp\/v2\/posts\/59125\/revisions"}],"wp:featuredmedia":[{"embeddable":true,"href":"https:\/\/expoflamenco.com\/agenda\/wp-json\/wp\/v2\/media\/59126"}],"wp:attachment":[{"href":"https:\/\/expoflamenco.com\/agenda\/wp-json\/wp\/v2\/media?parent=59125"}],"wp:term":[{"taxonomy":"category","embeddable":true,"href":"https:\/\/expoflamenco.com\/agenda\/wp-json\/wp\/v2\/categories?post=59125"},{"taxonomy":"post_tag","embeddable":true,"href":"https:\/\/expoflamenco.com\/agenda\/wp-json\/wp\/v2\/tags?post=59125"}],"curies":[{"name":"wp","href":"https:\/\/api.w.org\/{rel}","templated":true}]}}