{"id":53087,"date":"2024-08-06T12:17:49","date_gmt":"2024-08-06T10:17:49","guid":{"rendered":"https:\/\/expoflamenco.online\/agenda\/?p=53087"},"modified":"2024-11-18T11:59:32","modified_gmt":"2024-11-18T10:59:32","slug":"pitingo-dedica-su-castillete-de-oro-a-quienes-impulsaron-y-acompanaron-su-carrera","status":"publish","type":"post","link":"https:\/\/expoflamenco.com\/agenda\/pitingo-dedica-su-castillete-de-oro-a-quienes-impulsaron-y-acompanaron-su-carrera\/","title":{"rendered":"Pitingo y su \u2018Castillete de Oro\u2019","gt_translate_keys":[{"key":"rendered","format":"text"}]},"content":{"rendered":"\n<blockquote class=\"wp-block-quote is-layout-flow wp-block-quote-is-layout-flow\">\n<p class=\"has-text-align-left\">El cantante dedica el m\u00e1ximo galard\u00f3n del Festival Internacional del Cante de las Minas \u201ca los que ya no est\u00e1n\u201d y recuerda a Enrique Morente<\/p>\n<\/blockquote>\n\n\n\n<p><strong>La Uni\u00f3n, 5 de agosto de 2024<\/strong><\/p>\n\n\n\n<p>Cuando Pitingo vuelve a La Uni\u00f3n, en su pensamiento y su recuerdo aparece el maestro Enrique<br>Morente. Le viene a la mente cada palabra que le dec\u00eda, cada consejo, y tambi\u00e9n cada vez que le<br>impuls\u00f3 para que su carrera fuera un paso m\u00e1s. As\u00ed lleg\u00f3 en 2004 hasta el concurso del Festival<br>Internacional del Cante de las Minas, a pesar de ten\u00eda mucho miedo a los concursos y a competir<br>con los dem\u00e1s. Aun as\u00ed, se subi\u00f3 al escenario de la \u2018Catedral del Cante\u2019. \u201cFue la primera vez que vi<br>un sitio con tanta gente, porque yo ven\u00eda de pe\u00f1as chiquititas\u201d, recuerda de aquel momento, adem\u00e1s<br>de la \u201csensaci\u00f3n indescriptible de que la gente te aplauda de esa manera y ver que empieza a<br>realizarse tu sue\u00f1o\u201d.<\/p>\n\n\n\n<p><br>Desde aquel premio a cantaor revelaci\u00f3n, la vida de Pitingo ha sido fren\u00e9tica, aunque es ahora<br>cuando afirma que se encuentra en su mejor momento; con m\u00e1s calma, disfrutando de lo conseguido<br>de ese \u201c\u00e9xito verdadero\u201d que es \u201cdedicarte a lo que te gusta y estando con la gente que te apoy\u00f3<br>desde el principio\u201d. Un momento ideal para recoger, 20 a\u00f1os despu\u00e9s de triunfar en el Cante de las<br>Minas, el m\u00e1ximo reconocimiento de este Festival: el \u2018Castillete de Oro\u2019. Un momento so\u00f1ado para el<br>cantante por los grandes nombres que ya recibieron este galard\u00f3n. Ahora le toca a \u00e9l.<\/p>\n\n\n\n<p><br>Muchos de aquellos nombres que impulsaron su carrera y le acompa\u00f1aron ya no est\u00e1n, y por eso<br>Pitingo quiso dedicar el \u2018Castillete de Oro\u2019 a todos ellos. \u201cCuando me subo a este escenario me<br>acuerdo de lo vivido con mis compa\u00f1eros y pienso en todo lo que me ha tocado vivir. Solo puedo dar<br>gracias a la vida por regalarme esta oportunidad de dedicarme a lo que em gusta\u201d, afirmaba durante<br>la tertulia mantenida con el periodista Juan Ram\u00f3n Lucas.<\/p>\n\n\n\n<p><br>Fue en esa charla donde record\u00f3 a ese Pitingo de 8 a\u00f1os cantando flamenco, pero que tambi\u00e9n<br>empez\u00f3 a cantar soul, con grandes referentes como Aretha Franklin o Stevie Wonder, entre muchos<br>otros, que hicieron que sintiera \u201clas dos m\u00fasicas por igual\u201d. \u201cSoy flamenco, me he criado en una casa<br>flamenca y gitana, y la vida o el destino me ha puesto muchas cosas en el camino que me han hecho<br>interesarme por otras m\u00fasicas como el soul. Y no solo cantarlo, sino entender por qu\u00e9 se hace as\u00ed<br>hasta el punto de dirigir un coro de gospel\u201d, contaba. Una fusi\u00f3n que ma\u00f1ana expone en el Antiguo<br>Mercado P\u00fablico materializado en su gira \u2018Souler\u00eda de ida y vuelta\u2019.<\/p>\n\n\n\n<p><br>Haciendo pausas y con una emoci\u00f3n palpable, luc\u00eda la distinci\u00f3n que le impuso el presidente de la<br>Fundaci\u00f3n Cante de las Minas, Joaqu\u00edn Zapata. \u201cCuando le anunciamos que iba a recibir el<br>\u2018Castillete de oro\u2019 y se ech\u00f3 a llorar, me di cuenta de la grandeza y humildad de este artista, que<br>tiene una de las mejores afinaciones y comp\u00e1s del flamenco de todos los tiempos\u201d, indicaba.<\/p>\n\n\n\n<p>\u201cEs un premio so\u00f1ado que me da el pueblo de La Uni\u00f3n con todo su cari\u00f1o. Ojal\u00e1 sean otros 20 a\u00f1os<br>y que venga muchas veces a pasear por vuestras calles y a charlar con ustedes\u201d, afirmaba el<br>galardonado. \u201cQu\u00e9 suerte tuvo el Cante de las Minas de que hace 20 a\u00f1os ganaras el premio a<br>cantaor revelaci\u00f3n. Ahora tenemos la suerte inmensa de que el \u2018Castillete\u2019 2024 se llame Antonio; se<br>llame Pitingo\u201d, concluy\u00f3 Zapata.<\/p>\n\n\n\n<p><\/p>\n","protected":false,"gt_translate_keys":[{"key":"rendered","format":"html"}]},"excerpt":{"rendered":"<p>El cantante dedica el m\u00e1ximo galard\u00f3n del Festival Internacional del Cante de las Minas \u201ca los que ya no est\u00e1n\u201d y recuerda a Enrique Morente La Uni\u00f3n, 5 de agosto de 2024 Cuando Pitingo vuelve a La Uni\u00f3n, en su pensamiento y su recuerdo aparece el maestro EnriqueMorente. Le viene a la mente cada palabra [&hellip;]<\/p>\n","protected":false,"gt_translate_keys":[{"key":"rendered","format":"html"}]},"author":56,"featured_media":57043,"comment_status":"open","ping_status":"open","sticky":false,"template":"","format":"standard","meta":{"_acf_changed":false,"pmpro_default_level":"","jnews-multi-image_gallery":[],"jnews_single_post":{"format":"standard","override":[{"template":"3","parallax":"1","fullscreen":"1","layout":"no-sidebar","sidebar":"default-sidebar","second_sidebar":"default-sidebar","sticky_sidebar":"1","share_position":"floatbottom","share_float_style":"share-normal","show_share_counter":"1","show_view_counter":"1","show_featured":"1","show_post_author_image":"1","show_post_date":"1","post_date_format":"default","post_date_format_custom":"Y\/m\/d","show_post_reading_time":"1","post_reading_time_wpm":"250","post_calculate_word_method":"str_word_count","show_zoom_button":"1","zoom_button_out_step":"2","zoom_button_in_step":"3","show_prev_next_post":"1","show_popup_post":"1","number_popup_post":"1","show_author_box":"0","show_post_related":"1","show_inline_post_related":"0"}],"image_override":[{"single_post_thumbnail_size":"crop-500","single_post_gallery_size":"crop-500"}],"trending_post_position":"meta","trending_post_label":"Tendencias","sponsored_post_label":"Patrocinado por","disable_ad":"0","subtitle":"Pitingo dedica su \u2018Castillete de Oro\u2019 a quienes impulsaron y acompa\u00f1aron su carrera"},"jnews_primary_category":[],"jnews_override_bookmark_settings":[],"jnews_social_meta":[],"jnews_review":[],"enable_review":"","type":"","name":"","summary":"","brand":"","sku":"","good":[],"bad":[],"score_override":"","override_value":"","rating":[],"price":[],"jnews_override_counter":{"view_counter_number":"0","share_counter_number":"0","like_counter_number":"0","dislike_counter_number":"0"},"jnews_post_split":[],"footnotes":""},"categories":[110],"tags":[223,130,278],"class_list":["post-53087","post","type-post","status-publish","format-standard","has-post-thumbnail","hentry","category-actualidad-agenda","tag-festival-cante-de-las-minas","tag-flamenco","tag-pitingo","pmpro-has-access"],"acf":[],"aioseo_notices":[],"gt_translate_keys":[{"key":"link","format":"url"}],"_links":{"self":[{"href":"https:\/\/expoflamenco.com\/agenda\/wp-json\/wp\/v2\/posts\/53087","targetHints":{"allow":["GET"]}}],"collection":[{"href":"https:\/\/expoflamenco.com\/agenda\/wp-json\/wp\/v2\/posts"}],"about":[{"href":"https:\/\/expoflamenco.com\/agenda\/wp-json\/wp\/v2\/types\/post"}],"author":[{"embeddable":true,"href":"https:\/\/expoflamenco.com\/agenda\/wp-json\/wp\/v2\/users\/56"}],"replies":[{"embeddable":true,"href":"https:\/\/expoflamenco.com\/agenda\/wp-json\/wp\/v2\/comments?post=53087"}],"version-history":[{"count":0,"href":"https:\/\/expoflamenco.com\/agenda\/wp-json\/wp\/v2\/posts\/53087\/revisions"}],"wp:featuredmedia":[{"embeddable":true,"href":"https:\/\/expoflamenco.com\/agenda\/wp-json\/wp\/v2\/media\/57043"}],"wp:attachment":[{"href":"https:\/\/expoflamenco.com\/agenda\/wp-json\/wp\/v2\/media?parent=53087"}],"wp:term":[{"taxonomy":"category","embeddable":true,"href":"https:\/\/expoflamenco.com\/agenda\/wp-json\/wp\/v2\/categories?post=53087"},{"taxonomy":"post_tag","embeddable":true,"href":"https:\/\/expoflamenco.com\/agenda\/wp-json\/wp\/v2\/tags?post=53087"}],"curies":[{"name":"wp","href":"https:\/\/api.w.org\/{rel}","templated":true}]}}