{"id":52994,"date":"2024-08-02T11:47:28","date_gmt":"2024-08-02T09:47:28","guid":{"rendered":"https:\/\/www.expoflamenco.com\/?p=52994"},"modified":"2024-12-03T12:26:11","modified_gmt":"2024-12-03T11:26:11","slug":"dos-centros-de-carmona-y-utrera-ganan-los-premios-flamenco-en-el-aula-2024","status":"publish","type":"post","link":"https:\/\/expoflamenco.com\/agenda\/dos-centros-de-carmona-y-utrera-ganan-los-premios-flamenco-en-el-aula-2024\/","title":{"rendered":"Premios Flamenco en el Aula 2024","gt_translate_keys":[{"key":"rendered","format":"text"}]},"content":{"rendered":"<p>Los <strong>Premios Flamenco en el Aula 2024<\/strong> que concede la Junta de Andaluc\u00eda ya tienen ganadores. Son varios los centros educativos de Sevilla, Granada, C\u00f3rdoba y M\u00e1laga los que se han llevado el triunfo entre las dos modalidades de concurso. Dos colegios de Carmona y Utrera (Sevilla) se llevan el primer premio. Adem\u00e1s, el jurado ha concedido los premios de honor a <strong>Tomatito<\/strong> y a la <strong>Pe\u00f1a Flamenca El Taranto<\/strong> (Almer\u00eda).<\/p>\n<p>&nbsp;<\/p>\n<p>En la modalidad A, que se refiere a Elaboraci\u00f3n de materiales curriculares y recursos did\u00e1cticos, la Direcci\u00f3n General de Tecnolog\u00edas Avanzadas y Transformaci\u00f3n Educativa de la Junta de Andaluc\u00eda ha comunicado su resoluci\u00f3n en el BOJA premiando a los siguientes centros.<\/p>\n<p>&nbsp;<\/p>\n<p>El primer premio (trofeo y diploma) ha reca\u00eddo sobre el proyecto titulado <em>Gamificando el flamenco: Semillas Flamencas<\/em>, de la profesora <strong>Ana Bel\u00e9n Marchena Pi\u00f1ero<\/strong> en el <strong>CEIP Pedro I<\/strong>, de Carmona (Sevilla) \u00abpor su propuesta din\u00e1mica e innovadora adecuada al nivel educativo, y por iniciar al alumnado en el descubrimiento del flamenco desde edades tempranas\u00bb.<\/p>\n<p>&nbsp;<\/p>\n<p>El segundo premio (trofeo y diploma) ha ido a parar al <strong>CEIP Clara Campoamor<\/strong>, de Atarfe (Granada) con el proyecto <em>Ala Flamencas<\/em>, de la profesora <strong>Esther Crisol de la Fuente<\/strong>, \u00abpor la claridad, concisi\u00f3n y rigor en sus planteamientos, poniendo el acento en la visi\u00f3n de la mujer en el flamenco\u00bb.<\/p>\n<p>&nbsp;<\/p>\n<p>El tercer premio de la modalidad (trofeo y diploma) ha viajado al <strong>CEIP Jos\u00e9 Mar\u00eda Pem\u00e1n<\/strong>, de Puente Genil (C\u00f3rdoba), con un proyecto que nos suena en expoflamenco, <em>Fosforito, viajero del cante<\/em>, de nuestro querido <strong>\u00c1lvaro de la Fuente Espejo<\/strong> y de <strong>Inmaculada P\u00e9rez Prieto<\/strong>, ambos profesores del centro, \u00abpor mantener vivas las figuras art\u00edsticas que han contribuido a que el flamenco sea considerado patrimonio inmaterial de la humanidad, profundizando a trav\u00e9s de materiales did\u00e1cticos interactivos y novedosos\u00bb.<\/p>\n<p>&nbsp;<\/p>\n<p>&nbsp;<\/p>\n<blockquote><p><em>\u00abEl tercer premio de la modalidad ha viajado al CEIP Jos\u00e9 Mar\u00eda Pem\u00e1n, de Puente Genil (C\u00f3rdoba), con un proyecto que nos suena en expoflamenco: &#8216;Fosforito, viajero del cante&#8217;, de nuestro querido \u00c1lvaro de la Fuente Espejo\u00bb<\/em><\/p><\/blockquote>\n<p>&nbsp;<\/p>\n<p>&nbsp;<\/p>\n<p>Ya en la Modalidad B, que busca reconocer experiencias y buenas pr\u00e1cticas docentes, los premios concedidos por el jurado han sido los siguientes:<\/p>\n<p>&nbsp;<\/p>\n<p>El primer premio (trofeo y diploma) se lo llevado <strong>CEIP Nuestra Se\u00f1ora de las Marismas<\/strong>, de Utrera (Sevilla), por su proyecto <em>La Pe\u00f1a Flamenca Escolar<\/em>, coordinado por <strong>Gema Villegas \u00c1lvarez,<\/strong> \u00abpor acercar a los j\u00f3venes el conocimiento y la necesidad de una infraestructura que posibilite el desarrollo art\u00edstico y evolutivo del flamenco, a trav\u00e9s de un proyecto colaborativo con gran implicaci\u00f3n de toda la comunidad educativa\u00bb.<\/p>\n<p>&nbsp;<\/p>\n<p>El segundo galard\u00f3n (trofeo y diploma) se lo llevado el <strong>IES Fernando de los R\u00edos<\/strong>, de Fuente Vaqueros (Granada), por su proyecto <em>Lorca, Flamenco y Rock<\/em>, de <strong>Evelio David Damas Bueno<\/strong>, \u00abpor la implicaci\u00f3n de la comunidad educativa y la continuidad de un proyecto que imbrica el flamenco con otros g\u00e9neros musicales\u00bb.<\/p>\n<p>&nbsp;<\/p>\n<p>Finalmente el tercer premio (trofeo y diploma) ha ido a manos del <strong>IES Las Lagunas<\/strong>, de Las Lagunas (Mijas, M\u00e1laga), por su proyecto <em>El flamenco con perspectiva de g\u00e9nero<\/em>, coordinado por <strong>Manuel Salazar Miranda<\/strong>, \u00abpor la posibilidad de extensi\u00f3n a otros centros educativos y por la propuesta de actuaciones que favorezcan el desarrollo de valores que enfaticen los referentes femeninos en el flamenco\u00bb.<\/p>\n<p>&nbsp;<\/p>\n<p>Adem\u00e1s, el jurado ha querido otorgar dos premios de honor. Uno a <strong>Jos\u00e9 Fern\u00e1ndez Torres<\/strong>, m\u00e1s conocido como Tomatito, \u00abpor su gran labor pedag\u00f3gica de transmisi\u00f3n del conocimiento para nuevas generaciones, y puesta en valor del toque flamenco a nivel internacional, de forma tradicional y respetuosa\u00bb. Y otro a la Pe\u00f1a Flamenca El Taranto, \u00abpor su aperturismo a nuevos p\u00fablicos y su labor pedag\u00f3gica centrada en la idiosincrasia de un arte identitario mantenido a lo largo de sus 60 a\u00f1os de historia\u00bb.<\/p>\n<p>&nbsp;<\/p>\n","protected":false,"gt_translate_keys":[{"key":"rendered","format":"html"}]},"excerpt":{"rendered":"<p>Varios centros educativos de las provincias de Sevilla, Granada, C\u00f3rdoba y M\u00e1laga consiguen el triunfo en los premios Flamenco en el Aula 2024 en sus dos modalidades. Tomatito y la Pe\u00f1a El Taranto se llevan los premios de honor.<\/p>\n","protected":false,"gt_translate_keys":[{"key":"rendered","format":"html"}]},"author":56,"featured_media":57061,"comment_status":"open","ping_status":"open","sticky":false,"template":"","format":"standard","meta":{"_acf_changed":false,"pmpro_default_level":"","jnews-multi-image_gallery":[],"jnews_single_post":{"format":"standard","override":[{"template":"3","parallax":"1","fullscreen":"1","layout":"no-sidebar","sidebar":"default-sidebar","second_sidebar":"default-sidebar","sticky_sidebar":"1","share_position":"floatbottom","share_float_style":"share-normal","show_share_counter":"1","show_view_counter":"1","show_featured":"1","show_post_author_image":"1","show_post_date":"1","post_date_format":"default","post_date_format_custom":"Y\/m\/d","show_post_reading_time":"1","post_reading_time_wpm":"250","post_calculate_word_method":"str_word_count","show_zoom_button":"1","zoom_button_out_step":"2","zoom_button_in_step":"3","show_prev_next_post":"1","show_popup_post":"1","number_popup_post":"1","show_author_box":"0","show_post_related":"1","show_inline_post_related":"0"}],"image_override":[{"single_post_thumbnail_size":"crop-500","single_post_gallery_size":"crop-500"}],"trending_post_position":"meta","trending_post_label":"Tendencias","sponsored_post_label":"Patrocinado por","disable_ad":"0","subtitle":"Dos centros de Carmona y Utrera ganan los premios Flamenco en el Aula 2024"},"jnews_primary_category":[],"jnews_override_bookmark_settings":[],"jnews_social_meta":[],"jnews_review":[],"enable_review":"","type":"","name":"","summary":"","brand":"","sku":"","good":[],"bad":[],"score_override":"","override_value":"","rating":[],"price":[],"jnews_override_counter":{"view_counter_number":"0","share_counter_number":"0","like_counter_number":"0","dislike_counter_number":"0"},"jnews_post_split":[],"footnotes":""},"categories":[110],"tags":[130,269,270,271],"class_list":["post-52994","post","type-post","status-publish","format-standard","has-post-thumbnail","hentry","category-actualidad-agenda","tag-flamenco","tag-pena-el-taranto","tag-premios-flamenco-en-el-aula-2024","tag-tomatito","pmpro-has-access"],"acf":[],"aioseo_notices":[],"gt_translate_keys":[{"key":"link","format":"url"}],"_links":{"self":[{"href":"https:\/\/expoflamenco.com\/agenda\/wp-json\/wp\/v2\/posts\/52994","targetHints":{"allow":["GET"]}}],"collection":[{"href":"https:\/\/expoflamenco.com\/agenda\/wp-json\/wp\/v2\/posts"}],"about":[{"href":"https:\/\/expoflamenco.com\/agenda\/wp-json\/wp\/v2\/types\/post"}],"author":[{"embeddable":true,"href":"https:\/\/expoflamenco.com\/agenda\/wp-json\/wp\/v2\/users\/56"}],"replies":[{"embeddable":true,"href":"https:\/\/expoflamenco.com\/agenda\/wp-json\/wp\/v2\/comments?post=52994"}],"version-history":[{"count":0,"href":"https:\/\/expoflamenco.com\/agenda\/wp-json\/wp\/v2\/posts\/52994\/revisions"}],"wp:featuredmedia":[{"embeddable":true,"href":"https:\/\/expoflamenco.com\/agenda\/wp-json\/wp\/v2\/media\/57061"}],"wp:attachment":[{"href":"https:\/\/expoflamenco.com\/agenda\/wp-json\/wp\/v2\/media?parent=52994"}],"wp:term":[{"taxonomy":"category","embeddable":true,"href":"https:\/\/expoflamenco.com\/agenda\/wp-json\/wp\/v2\/categories?post=52994"},{"taxonomy":"post_tag","embeddable":true,"href":"https:\/\/expoflamenco.com\/agenda\/wp-json\/wp\/v2\/tags?post=52994"}],"curies":[{"name":"wp","href":"https:\/\/api.w.org\/{rel}","templated":true}]}}